{"id":28809,"date":"2026-03-11T09:41:58","date_gmt":"2026-03-11T14:41:58","guid":{"rendered":"https:\/\/nuevademocracia.com.co\/?p=28809"},"modified":"2026-04-24T21:59:20","modified_gmt":"2026-04-25T02:59:20","slug":"declaracion-politica-primer-encuentro-nacional-antiimperialista-1erena","status":"publish","type":"post","link":"https:\/\/nuevademocracia.com.co\/?p=28809","title":{"rendered":"Declaraci\u00f3n Pol\u00edtica Primer Encuentro Nacional Antiimperialista (1erENA)"},"content":{"rendered":"\n<hr class=\"wp-block-separator has-text-color has-palette-color-2-color has-alpha-channel-opacity has-palette-color-2-background-color has-background\"\/>\n\n\n\n<figure class=\"wp-block-image size-large\"><img loading=\"lazy\" decoding=\"async\" width=\"1024\" height=\"683\" src=\"https:\/\/nuevademocracia.com.co\/wp-content\/uploads\/2026\/03\/ENA-_ND-28-1024x683.jpg\" alt=\"\" class=\"wp-image-28811\" srcset=\"https:\/\/nuevademocracia.com.co\/wp-content\/uploads\/2026\/03\/ENA-_ND-28-1024x683.jpg 1024w, https:\/\/nuevademocracia.com.co\/wp-content\/uploads\/2026\/03\/ENA-_ND-28-300x200.jpg 300w, https:\/\/nuevademocracia.com.co\/wp-content\/uploads\/2026\/03\/ENA-_ND-28-768x512.jpg 768w, https:\/\/nuevademocracia.com.co\/wp-content\/uploads\/2026\/03\/ENA-_ND-28-1536x1024.jpg 1536w, https:\/\/nuevademocracia.com.co\/wp-content\/uploads\/2026\/03\/ENA-_ND-28.jpg 1620w\" sizes=\"auto, (max-width: 1024px) 100vw, 1024px\" \/><\/figure>\n\n\n\n<p class=\"has-black-color has-text-color has-link-color wp-elements-16104412f78d03ec1674dd45d612121f\">Medell\u00edn, Colombia<\/p>\n\n\n\n<p class=\"has-black-color has-text-color has-link-color wp-elements-684b1ff3c052dc3782a949d30f2a228a\">Con inmenso j\u00fabilo popular informamos al pueblo colombiano y los pueblos del mundo que los d\u00edas 28 de febrero y 1 de marzo del presente a\u00f1o nos reunimos en Medell\u00edn diversas organizaciones y activistas antiimperialistas provenientes de los departamentos y ciudades de La Guajira, C\u00f3rdoba, Norte de Santander, Sucre, Bol\u00edvar, Cesar, Antioquia, Cauca, Cundinamarca, Caldas, Risaralda, Valle del Cauca, C\u00facuta y Bogot\u00e1, as\u00ed como de las naciones hermanas de Chile, M\u00e9xico, Venezuela y Ecuador.<\/p>\n\n\n\n<p class=\"has-black-color has-text-color has-link-color wp-elements-5126066914bd31055d70eb13094ae99f\">En este primer Encuentro Nacional Antiimperialista avanzamos en reconocernos mutuamente desde nuestra diversidad, debatir fraternalmente nuestras distintas comprensiones sobre la coyuntura actual, alcanzar unos puntos b\u00e1sicos de unidad para la acci\u00f3n antiimperialista, recoger las diversas exigencias que los sectores populares levantan y construir as\u00ed una nutrida agenda de movilizaci\u00f3n, formaci\u00f3n y organizaci\u00f3n antiimperialista en el pa\u00eds. Esto fue acompa\u00f1ado de bellas expresiones art\u00edsticas de cultura popular y antiimperialista que elevaron al tope la moral y unidad de todos los participantes.<\/p>\n\n\n\n<p class=\"has-black-color has-text-color has-link-color wp-elements-ceb4f15f2d0eafc511d1bf8bbe66f086\">Los siguientes puntos recogen una primera base de unidad fruto de las discusiones desarrolladas en el Encuentro Nacional Antiimperialista y tendr\u00e1n que ser profundizados a trav\u00e9s de la pr\u00e1ctica conjunta y futuros espacios de debate:<\/p>\n\n\n\n<p class=\"has-black-color has-text-color has-link-color wp-elements-1e1cbf96656535bc5c60f76e20da6c14\"><strong>PUNTOS B\u00c1SICOS DE UNIDAD PARA LA ACCI\u00d3N ANTIIMPERIALISTA<\/strong><\/p>\n\n\n\n<p class=\"has-black-color has-text-color has-link-color wp-elements-1a1390b1fb0a057f574e68e51c64705a\">1) Contra toda forma de colonizaci\u00f3n y agresi\u00f3n del imperialismo yanqui y otras potencias imperialistas a las naciones y pueblos oprimidos de Am\u00e9rica Latina, Palestina, \u00c1frica y todo el mundo.<\/p>\n\n\n\n<p class=\"has-black-color has-text-color has-link-color wp-elements-a0d830455f3f4b5b1f265f0ac60f930e\">2) Por la unidad, organizaci\u00f3n y resistencia de los pueblos contra toda agresi\u00f3n imperialista, impulsando un vigoroso movimiento antiimperialista.<\/p>\n\n\n\n<p class=\"has-black-color has-text-color has-link-color wp-elements-ad8d56756bff0b30fd4e874745720c08\">3) Rechazamos todo pacto de conciliaci\u00f3n con el imperialismo que mantenga o profundice la dominaci\u00f3n sobre nuestro pa\u00eds, tales como bombardeos, fumigaciones con glifosato y existencia de bases militares yanquis en nuestro territorio.<\/p>\n\n\n\n<p class=\"has-black-color has-text-color has-link-color wp-elements-04586de492d3d9bbea1e7350ed41c4b3\">4) Defendemos el derecho a la autodeterminaci\u00f3n, autonom\u00eda e independencia de los pueblos del mundo, la defensa de su soberan\u00eda nacional y la leg\u00edtima resistencia de las naciones oprimidas contra toda agresi\u00f3n imperialista.<\/p>\n\n\n\n<p class=\"has-black-color has-text-color has-link-color wp-elements-62e77e965ac7e6fe47e974182153a45e\">5) Nos organizamos en contra de los criminales preparativos de una tercera guerra interimperialista de saqueo, rapi\u00f1a y nueva repartici\u00f3n de las naciones oprimidas.<\/p>\n\n\n\n<p class=\"has-black-color has-text-color has-link-color wp-elements-49e9685052c3c62823a50c0b81ee11fe\">6) Rechazo y condena total a toda forma de discriminaci\u00f3n, violencia u opresi\u00f3n por razones de sexo, orientaciones sexuales, g\u00e9nero, raza, etnia, nacionalidad y creencias religiosas.<\/p>\n\n\n\n<p class=\"has-black-color has-text-color has-link-color wp-elements-8427812a33e74f970ac9b11bbf1d24c2\">7) Completo repudio al sionismo, fascismo y paramilitarismo.<\/p>\n\n\n\n<p class=\"has-black-color has-text-color has-link-color wp-elements-74913eb47c7c1642db6ab811896410d7\">8) Denunciamos toda forma de opresi\u00f3n y violencia hist\u00f3rica que el imperialismo ha ejercido sobre los cuerpos feminizados y vidas de las ni\u00f1as y mujeres populares, adem\u00e1s resaltamos el papel de la mujer como fuerza poderosa en la resistencia antiimperialista.<\/p>\n\n\n\n<p class=\"has-black-color has-text-color has-link-color wp-elements-5249d6890f17fe0dad5fd2fac7300edb\">9) Apoyamos hasta las \u00faltimas consecuencias la lucha y movilizaci\u00f3n por los derechos de los pueblos ind\u00edgenas, negros, campesinos pobres y proletarios como parte integrante de la lucha antiimperialista, y contra los monopolios econ\u00f3micos. Por la defensa del medio ambiente, la tierra, el agua y el territorio, entendidos como v\u00edctimas del imperialismo extractivista.<\/p>\n\n\n\n<p class=\"has-black-color has-text-color has-link-color wp-elements-aea7349b7c59da9d5e1405299e3c53a3\">Este importante encuentro se enmarc\u00f3 en medio de los bombardeos perpetrados conjuntamente por el imperialismo yanqui y la entidad sionista de \u201cIsrael\u201d contra Ir\u00e1n, del criminal bloqueo estadounidense contra el digno pueblo cubano y de la reciente agresi\u00f3n militar imperialista en la hermana rep\u00fablica de Venezuela. Todos estos hechos reafirman nuestro profundo odio y condena al imperialismo yanqui por sus cr\u00edmenes contra los pueblos del mundo y nuestra plena solidaridad popular e internacionalismo proletario con todos los pueblos que resisten contra el imperialismo.<\/p>\n\n\n\n<p class=\"has-black-color has-text-color has-link-color wp-elements-31ef68bcde9914223125d188eccb5ab6\">Expresamos nuestro firme apoyo al pueblo iran\u00ed que resiste a la agresi\u00f3n yanqui-sionista y de otras potencias imperialistas y llamamos a iniciar una activa campa\u00f1a contra la agresi\u00f3n imperialista. Adem\u00e1s, condenamos todos los cr\u00edmenes perpetrados por el imperialismo yanqui a Ir\u00e1n que actuando como gran gendarme quiere imponer un mayor sometimiento en la regi\u00f3n.<\/p>\n\n\n\n<p class=\"has-black-color has-text-color has-link-color wp-elements-84d34d4628d2e99c8519df69e56f7d89\">Expresamos un especial saludo y respaldo a la lucha popular y antiimperialista de las comunidades de la Guajira y especialmente del corregimiento de Tabaco, jurisdicci\u00f3n del municipio de Hato Nuevo, exigiendo el cierre de la mina del Cerrej\u00f3n perteneciente a la multinacional Glencore y rechazamos la persecuci\u00f3n y estigmatizaci\u00f3n que han sufrido por su justa lucha.<\/p>\n\n\n\n<p class=\"has-black-color has-text-color has-link-color wp-elements-d832102c9a8657caa11801b9c3e226dc\">Exigimos la libertad de los presos pol\u00edticos de los estallidos sociales de los \u00faltimos a\u00f1os en Colombia, su lucha la seguimos levantando y hace parte hoy de nuestra lucha antiimperialista y popular. Su libertad tiene que ser inmediata y debemos aumentar todas las acciones de solidaridad para con ellos, ellas y sus familiares. \u00a1Libertad inmediata a los presos por luchar! \u00a1Amnist\u00eda total ya!<\/p>\n\n\n\n<p class=\"has-black-color has-text-color has-link-color wp-elements-dde95e0ef54b74a3bff2ca62908f556b\">En medio de las discusiones del primer Encuentro Nacional Antiimperialista recogimos diversas exigencias, expresiones de solidaridad y pronunciamientos de rechazo:<\/p>\n\n\n\n<p class=\"has-black-color has-text-color has-link-color wp-elements-91240ca62b89df656502019b67316a92\">1) Apoyar de las distintas formas posibles (presencial o virtual, pol\u00edtica-organizativa o log\u00edstica-econ\u00f3mica) las agendas de luchas locales y regionales socializadas en el ENA, apuntando a la mayor articulaci\u00f3n y difusi\u00f3n de las diversas luchas populares y antiimperialistas a lo largo de todo el pa\u00eds.<\/p>\n\n\n\n<p class=\"has-black-color has-text-color has-link-color wp-elements-7c64aa2ffe69c94c0fedd7eda4b7f1b3\">\u2022 Iniciar campa\u00f1a inmediata contra la agresi\u00f3n yanqui-sionista a Ir\u00e1n, en solidaridad con el pueblo iran\u00ed y su leg\u00edtima resistencia.<\/p>\n\n\n\n<p class=\"has-black-color has-text-color has-link-color wp-elements-c40b888378790f6c678dbef3c5b04508\">\u2022 Apoyar la campa\u00f1a de respaldo a Cuba contra el bloqueo y agresi\u00f3n yanqui.<\/p>\n\n\n\n<p class=\"has-black-color has-text-color has-link-color wp-elements-e2df0fb524f3d8ed0a3d4ee278cd66fd\">\u2022 Apoyar las iniciativas internacionales que apunten a fortalecer los movimientos y frentes antiimperialistas como la pr\u00f3xima Fundaci\u00f3n en Ecuador de la Liga Antiimperialista Internacional para comienzos de abril.<\/p>\n\n\n\n<p class=\"has-black-color has-text-color has-link-color wp-elements-8da81dcd1ad9b45d9e4cdf530eb68c1d\">\u2022 Apoyar la movilizaci\u00f3n regional y en Bogot\u00e1 contra de la trasnacional Cerrej\u00f3n por parte de la comunidad de Tabaco y exigimos el cierre de las Minas en la Guajira.<\/p>\n\n\n\n<p class=\"has-black-color has-text-color has-link-color wp-elements-77f7968e377955452dc8f2e0389fc318\">\u2022 Reivindicar el 8 de marzo desde la perspectiva de la mujer obrera, campesina y popular y sumarle un car\u00e1cter antiimperialista.<\/p>\n\n\n\n<p class=\"has-black-color has-text-color has-link-color wp-elements-e3b418814d8ed28ad3bc2819a989b716\">\u2022 El 8 de marzo salir con trapo en solidaridad y exigencia de la libertad de los presos pol\u00edticos.<\/p>\n\n\n\n<p class=\"has-black-color has-text-color has-link-color wp-elements-54127081c12a9b081b2661e5b08de846\">\u2022 Apoyar la lucha por la tierra en el marco de la reforma agraria, respaldar las acciones legales y de hecho.<\/p>\n\n\n\n<p class=\"has-black-color has-text-color has-link-color wp-elements-3a237ef03e010c18d97183aafaa9a272\">\u2022 Respaldamos todos los procesos de recuperaciones de tierra que hoy el campesinado est\u00e1 llevando adelante.<\/p>\n\n\n\n<p class=\"has-black-color has-text-color has-link-color wp-elements-f5fd6e9c3de8a7ebe8d63719fd8939f0\">\u2022 Apoyar la jornada internacional del 28 de marzo en solidaridad con la revoluci\u00f3n en la India y en contra de la operaci\u00f3n KAGAR realizada por el Estado reaccionario ind\u00fa en contra del movimiento popular y revolucionario indio y adem\u00e1s expresamos nuestra solidaridad con los l\u00edderes populares asesinados en la India.<\/p>\n\n\n\n<p class=\"has-black-color has-text-color has-link-color wp-elements-86089ce701dfd0be74d88e4608554736\">\u2022 Participar del campamento frente a la empresa de la Represa Urr\u00e1 en C\u00f3rdoba.<\/p>\n\n\n\n<p class=\"has-black-color has-text-color has-link-color wp-elements-42b27ae9b5072312cadc55e866f28832\">\u2022 Realizar Boicot a todos los productos sionistas y boicot a Cocacola.<\/p>\n\n\n\n<p class=\"has-black-color has-text-color has-link-color wp-elements-d8425a186c0ef1d53869f18b0b041306\">\u2022 Apoyar la campa\u00f1a internacional en solidaridad con las y los trabajadores del hospital Garran en Argentina y en contra de la reforma laboral.<\/p>\n\n\n\n<p class=\"has-black-color has-text-color has-link-color wp-elements-aa4d5bc02765fb6d00a52a19259cc7b7\">\u2022 Realizar movilizaci\u00f3n en Cartagena en rechazo a los ataques en el Caribe y para visibilizar la flotilla de solidaridad rumbo a Cuba.<\/p>\n\n\n\n<p class=\"has-black-color has-text-color has-link-color wp-elements-ade2ea60753de1b180fe447f636e1a00\">\u2022 Apoyar con movilizaciones a las flotillas y caravanas humanitarias y solidarias con Gaza, Cuba y el Cauca.<\/p>\n\n\n\n<p class=\"has-black-color has-text-color has-link-color wp-elements-a97fee3d3906f1e511148f4679ad03a0\">\u2022 Invitaci\u00f3n a participar en la cumbre CELAC \u00c1frica.<\/p>\n\n\n\n<p class=\"has-black-color has-text-color has-link-color wp-elements-e045570b9216360cac6076b6d1ad674f\">\u2022 Para el 4 de julio apoyar las actividades para conmemorar la Declaraci\u00f3n de los Derechos de los Pueblos de Argel, teniendo en cuenta a Camilo Torres como precursor de esta y a Eduardo Uma\u00f1a Luna como \u00fanico latinoamericano en asistir.<\/p>\n\n\n\n<p class=\"has-black-color has-text-color has-link-color wp-elements-b3c7c48a4a2f2e73e1da07a84f06bb7b\">\u2022 Defensa de la universalidad en el ingreso a la educaci\u00f3n superior p\u00fablica.<\/p>\n\n\n\n<p class=\"has-black-color has-text-color has-link-color wp-elements-21d2a6620d8be43eaa5dbc7832a8d4a9\">\u2022 Conmemorar el 28 de abril a los 5 a\u00f1os del estallido social y realizar jornada de movilizaci\u00f3n en rechazo del imperialismo y de los montajes judiciales y en solidaridad con los presos pol\u00edticos.<\/p>\n\n\n\n<p class=\"has-black-color has-text-color has-link-color wp-elements-790a3dd9937ec9f698c23a83cd20e623\">\u2022 Visibilizar la lucha de la extracci\u00f3n del ox\u00edgeno en los bosques del Almaguer, Cauca.<\/p>\n\n\n\n<p class=\"has-black-color has-text-color has-link-color wp-elements-ec6bcc7fb9333e9f28b9ec123b4d6b3a\">\u2022 Denunciar las pol\u00edticas extractivistas que generan ecocidio en las fuentes h\u00eddricas, espec\u00edficamente en el r\u00edo Guachicono en el Bajo Pat\u00eda, Cauca y en los humedales del resto del pa\u00eds.<\/p>\n\n\n\n<p class=\"has-black-color has-text-color has-link-color wp-elements-fec79a69e5ef8acb1dd5adf7b357688f\">2) Impulsar una campa\u00f1a gr\u00e1fica antiimperialista conjunta que contribuya a hacerle frente a la ofensiva medi\u00e1tica reaccionaria a trav\u00e9s de distintos medios (afiches, telas, pintas, murales, flayers, videos, etc.) y permita consolidar consignas comunes.<\/p>\n\n\n\n<p class=\"has-black-color has-text-color has-link-color wp-elements-128b4f22e82d1ba54686356d461a533d\">\u2022 \u00a1Al yanqui: toda resistencia, ninguna obediencia!<\/p>\n\n\n\n<p class=\"has-black-color has-text-color has-link-color wp-elements-c46b60ac32d08ee63a1d2c385af716ac\">\u2022 \u00a1Fuera yanquis de Ir\u00e1n, Venezuela, Cuba, Colombia, Palestina y todo el mundo!<\/p>\n\n\n\n<p class=\"has-black-color has-text-color has-link-color wp-elements-98935172843400c434951bce37dbfef1\">3) Organizar una serie de foros antiimperialistas y encuentros regionales en las distintas zonas del pa\u00eds que repliquen y profundicen las discusiones desarrolladas en el ENA, tomando en consideraci\u00f3n las particularidades de la regi\u00f3n y articulando con las organizaciones populares locales. Esto tambi\u00e9n para promover la necesidad de fortalecer la unidad de las fuerzas antiimperialistas a nivel nacional e internacional.<\/p>\n\n\n\n<p class=\"has-black-color has-text-color has-link-color wp-elements-dcfd7af729c6553b2ce69064dccd49de\">\u2022 Apoyar de manera presencial y virtual e impulsar foro en la Facultad de Ciencias Sociales y Humanas de la Unicauca.<\/p>\n\n\n\n<p class=\"has-black-color has-text-color has-link-color wp-elements-dd9b1ccb839f6790d2ff5c78dd45d10a\">\u2022 Realizar cartograf\u00eda del territorio colombiano para identificar sectores aliados, con el fin de construir un Acuerdo Nacional Antiimperialista. Tener en cuenta \u00bfQui\u00e9nes son nuestros aliados? \u00bfCon qui\u00e9n la unidad es t\u00e1ctica y con quien es estrat\u00e9gica?<\/p>\n\n\n\n<p class=\"has-black-color has-text-color has-link-color wp-elements-5b5220cc558e08819b9fb8961b71238f\">\u2022 Necesidad de construir conciencia de clase a trav\u00e9s de escuelas populares o escuelas de cuadros. Hay sectores que hoy pueden ser aliados por su condici\u00f3n de clase, pero por condiciones subjetivas no lo son \u00bfc\u00f3mo tenerlos en cuenta?<\/p>\n\n\n\n<p class=\"has-black-color has-text-color has-link-color wp-elements-2488826b457d1dc07be039a9a0f7598f\">4) Sumarle al 8 de marzo y el 1 de mayo un contenido antiimperialista en el pa\u00eds que recoja las diversas reivindicaciones antiimperialistas a nivel nacional y que levante la bandera del internacionalismo expresando nuestra solidaridad con el pueblo venezolano, cubano, mexicano, palestino, entre otros.<\/p>\n\n\n\n<p class=\"has-black-color has-text-color has-link-color wp-elements-264bccc33b7b0edddc2a16b5e411dfef\">5) Establecer una comisi\u00f3n encargada de garantizar el cumplimiento de los acuerdos alcanzados y la agenda de trabajo trazada en el ENA, compuesta por las organizaciones y activistas participantes que deseen integrarla.<\/p>\n\n\n\n<p class=\"has-text-align-center has-black-color has-text-color has-link-color wp-elements-697e185f77fb2430bc1db57c9926755d\"><strong>AL YANQUI: \u00a1TODA RESISTENCIA, NINGUNA OBEDIENCIA!<\/strong><\/p>\n\n\n\n<figure class=\"wp-block-image size-large\"><img loading=\"lazy\" decoding=\"async\" width=\"1024\" height=\"683\" src=\"https:\/\/nuevademocracia.com.co\/wp-content\/uploads\/2026\/03\/ENA-_CLP-12-1024x683.jpg\" alt=\"\" class=\"wp-image-28810\" srcset=\"https:\/\/nuevademocracia.com.co\/wp-content\/uploads\/2026\/03\/ENA-_CLP-12-1024x683.jpg 1024w, https:\/\/nuevademocracia.com.co\/wp-content\/uploads\/2026\/03\/ENA-_CLP-12-300x200.jpg 300w, https:\/\/nuevademocracia.com.co\/wp-content\/uploads\/2026\/03\/ENA-_CLP-12-768x512.jpg 768w, https:\/\/nuevademocracia.com.co\/wp-content\/uploads\/2026\/03\/ENA-_CLP-12-1536x1024.jpg 1536w, https:\/\/nuevademocracia.com.co\/wp-content\/uploads\/2026\/03\/ENA-_CLP-12.jpg 1620w\" sizes=\"auto, (max-width: 1024px) 100vw, 1024px\" \/><\/figure>\n\n\n\n<p class=\"has-black-color has-text-color has-link-color wp-elements-31a9a910b87eacfc74d14c949f50498e\"><strong>Firman:<\/strong><\/p>\n\n\n\n<p class=\"has-black-color has-text-color has-link-color wp-elements-c4a33bf65ad26f51ee942ddaab2d0e5c\">\u2022 Coordinadora de Luchas Populares \u2013 CLP<\/p>\n\n\n\n<p class=\"has-black-color has-text-color has-link-color wp-elements-da6e24bbc395e14a6c4f185977afda2d\">\u2022 Movimiento de Estudiantes al Servicio del Pueblo \u2013 MESP<\/p>\n\n\n\n<p class=\"has-black-color has-text-color has-link-color wp-elements-e1ae974913bd910086eace502bb31c6c\">\u2022 Alternativa Estudiantil<\/p>\n\n\n\n<p class=\"has-black-color has-text-color has-link-color wp-elements-16280406444049bf517d7a2bc35bbfa4\">\u2022 UniCordoba Unida<\/p>\n\n\n\n<p class=\"has-black-color has-text-color has-link-color wp-elements-5ee2793a5126dcc5df7136c8fc8e8754\">\u2022 Herencia Zambo<\/p>\n\n\n\n<p class=\"has-black-color has-text-color has-link-color wp-elements-36b13c6b5448eb0f55aaf6b1493dd272\">\u2022 Liga por los Derechos del Pueblo \u2013 LDP<\/p>\n\n\n\n<p class=\"has-black-color has-text-color has-link-color wp-elements-5bb9c2d4688f17f9b6546e76a5d4dd42\">\u2022 Comit\u00e9 de Solidaridad con los Sectores en Conflicto \u2013 Oziel Tapasco Quintero<\/p>\n\n\n\n<p class=\"has-black-color has-text-color has-link-color wp-elements-77fe76b4c7db1ed819156e10c7d53661\">\u2022 Prensa Nueva Democracia<\/p>\n\n\n\n<p class=\"has-black-color has-text-color has-link-color wp-elements-3d17e26fe108c7d5a1180c588fb75d43\">\u2022 Circulo de Investigaci\u00f3n y Educaci\u00f3n Marxista \u2013 CIEM<\/p>\n\n\n\n<p class=\"has-black-color has-text-color has-link-color wp-elements-2ed4f87da16162991636bb24d60975df\">\u2022 Movimiento Femenino Popular \u2013 MFP<\/p>\n\n\n\n<p class=\"has-black-color has-text-color has-link-color wp-elements-5839b41eaba087edfaec6dd7f235b414\">\u2022 Juntanza Antiimperialista<\/p>\n\n\n\n<p class=\"has-black-color has-text-color has-link-color wp-elements-e27a1fd1ba452877deff18df888c3362\">\u2022 Red de Apoyo Popular \u2013 RAP<\/p>\n\n\n\n<p class=\"has-black-color has-text-color has-link-color wp-elements-2f3afdfe8b666a8ae4ea1f9b2b84b0f8\">\u2022 Periferia Profunda<\/p>\n\n\n\n<p class=\"has-black-color has-text-color has-link-color wp-elements-640e71aff18b8ad383cdaba60be4f181\">\u2022 Movimiento Nueva Cultura<\/p>\n\n\n\n<p class=\"has-black-color has-text-color has-link-color wp-elements-4cd52c5ea802d0bafa0ce72b67925e32\">\u2022 Pedagog\u00eda y dial\u00e9ctica<\/p>\n\n\n\n<p class=\"has-black-color has-text-color has-link-color wp-elements-fde27ebee9d05c1dcba99a6b89088a57\">\u2022 Comit\u00e9 Caucano de solidaridad con Palestina<\/p>\n\n\n\n<p class=\"has-black-color has-text-color has-link-color wp-elements-0c98891122a6502d4a6448c952737636\">\u2022 Alba (Bogot\u00e1)<\/p>\n\n\n\n<p class=\"has-black-color has-text-color has-link-color wp-elements-f703ee9c009c22e62248d0d4e8a15111\">\u2022 Peri\u00f3dico el Pueblo \u2013 Chile<\/p>\n\n\n\n<p class=\"has-black-color has-text-color has-link-color wp-elements-66245c5b4c618172ff2c2f64cd9bf2dd\">\u2022 Frente Antiimperialista Chile<\/p>\n\n\n\n<p class=\"has-black-color has-text-color has-link-color wp-elements-1066f59315fff09a3d680df3259e137f\">\u2022 L\u00edderes Campesinos del Sur<\/p>\n\n\n\n<p class=\"has-black-color has-text-color has-link-color wp-elements-c413c769a2cdd1d614b473bb89226ec6\">\u2022 Juntanza Estudiantil Independiente y Popular \u2013 JEIP<\/p>\n\n\n\n<p class=\"has-black-color has-text-color has-link-color wp-elements-f37e6405c34ab668f6d5af4d3c91d68c\">\u2022 UNIOS-LIS<\/p>\n\n\n\n<p class=\"has-black-color has-text-color has-link-color wp-elements-5c4f88733233d722b13372f70b1de181\">\u2022 Camila \u2013 The Class War Report (EEUU-Ecuador)<\/p>\n\n\n\n<p class=\"has-black-color has-text-color has-link-color wp-elements-2b9736ff26c1a9b2c20a9ff2fa11264d\">\u2022 Colectivo de estudio y acci\u00f3n popular \u2013 CEAP<\/p>\n\n\n\n<p class=\"has-black-color has-text-color has-link-color wp-elements-ed4c88d46d1bc5e83d6cb7e6867f80f2\">\u2022 Movimiento Estudiantil por las Luchas del Pueblo \u2013 MELP<\/p>\n\n\n\n<p class=\"has-black-color has-text-color has-link-color wp-elements-db9f78838fa22a4fe464b1099e848944\">\u2022 Barricada Estudiantil<\/p>\n\n\n\n<p class=\"has-black-color has-text-color has-link-color wp-elements-c68b7ec3d4fa34e318e3b59cbfcaaf21\">\u2022 Elkin Rodr\u00edguez<\/p>\n\n\n\n<p class=\"has-black-color has-text-color has-link-color wp-elements-e3565aea634e63ef1bdb7d2a2944d9bf\">\u2022 Organizaci\u00f3n Anarka del Teusaca<\/p>\n\n\n\n<p class=\"has-black-color has-text-color has-link-color wp-elements-874ea4625acb3ac0c5a7c10960525b57\">\u2022 Asociaci\u00f3n Popular la Calera<\/p>\n\n\n\n<p class=\"has-black-color has-text-color has-link-color wp-elements-3f03578925f01d84ec7f7243dd4b6a64\">\u2022 Zulekha Sanchez \u2013 Activista pro Palestina y musulmana<\/p>\n\n\n\n<p class=\"has-black-color has-text-color has-link-color wp-elements-9287e75df9e85e2a09c5651f7684e2ed\">\u2022 Mapaches Al Alba<\/p>\n\n\n\n<p class=\"has-black-color has-text-color has-link-color wp-elements-08823d65c0098cf85601aec2af9cdeec\">\u2022 Periferia Cr\u00edtica<\/p>\n\n\n\n<p class=\"has-black-color has-text-color has-link-color wp-elements-6f43b256a8e4570f46ed157b07a8926c\">\u2022 Viejo Obrero de Base Pereira<\/p>\n\n\n\n<p class=\"has-black-color has-text-color has-link-color wp-elements-46b799fda321567da86469ff7200694c\">\u2022 Colectivo San Juan de Todos<\/p>\n\n\n\n<p class=\"has-black-color has-text-color has-link-color wp-elements-776d3274840bbadc25fcdd153521d916\">\u2022 Fog\u00f3n Rebelde<\/p>\n\n\n\n<p class=\"has-black-color has-text-color has-link-color wp-elements-ffc7cdd2414b3be7353e43f71d545547\">\u2022 Movimiento Estudiantil Independiente \u2013 MEI<\/p>\n\n\n\n<p class=\"has-black-color has-text-color has-link-color wp-elements-5a7f23f428b0584bd8f5d7947a0054a8\">\u2022 OSCO Revivir Tabaco<\/p>\n\n\n\n<p class=\"has-black-color has-text-color has-link-color wp-elements-77ee3b79cc5453114fb7268d12bb3210\">\u2022 Trabajando desde abajo<\/p>\n\n\n\n<p class=\"has-black-color has-text-color has-link-color wp-elements-41e18efa483688f801608458359e72f1\">\u2022 Asociaci\u00f3n Nacional de Trabajadores del Sector A\u00e9reo y de Servicios Aeroportuarios \u2013 ANTSA<\/p>\n\n\n\n<p class=\"has-black-color has-text-color has-link-color wp-elements-cd51bc92d75fa6722e8d98432a1189ed\">\u2022 Grupo Anti Gentri\u00adficaci\u00f3n \u2013 M\u00e9xico<\/p>\n\n\n\n<p class=\"has-black-color has-text-color has-link-color wp-elements-5bbef25c95fd5ae37e74008507ffb9ec\">\u2022 Democracia Directa<\/p>\n\n\n\n<p class=\"has-black-color has-text-color has-link-color wp-elements-b867022b333cf3b2b4fec74e78734bfd\">\u2022 Grupo de apoyo a los campesinos pobres<\/p>\n\n\n\n<p class=\"has-text-align-center has-black-color has-text-color has-link-color wp-elements-06a003829d56a4c715965660dfec9cb7\"><strong>INFORMES:<\/strong> 310 520 3153 \/ FPA.COL@PROTON.ME<\/p>\n\n\n\n<div class=\"wp-block-embedpress-embedpress-pdf aligncenter\"><div id=\"ep-gutenberg-content-d41d8cd98f00b204e9800998ecf8427e\" class=\"ep-gutenberg-content\"><div class=\"embedpress-document-embed ep-doc-embedpress-pdf-1773239699984   ep-percentage-width\" style=\"width:600%;height:1100px;max-width:100%\" id=\"ep-doc-undefined\" data-source-id=\"source-undefined\" data-embed-type=\"PDF\"><div class=\"ep-embed-content-wraper\"><div class=\"position-right-wraper gutenberg-pdf-wraper\"><div class=\"main-content-wraper\"><iframe title=\"declaracion-politica-primer-ena\" powered_by=\"1\" style=\"height:1100px;width:600%;max-width:100%\" class=\"embedpress-embed-document-pdf embedpress-pdf-1773239699984\" data-emid=\"embedpress-pdf-1773239699984\" data-viewer-style=\"modern\" src=\"https:\/\/nuevademocracia.com.co\/wp-admin\/admin-ajax.php?action=get_viewer&amp;scrolling=-1&amp;selection_tool=0&amp;spreads=0&amp;file=https%3A%2F%2Fnuevademocracia.com.co%2Fwp-content%2Fuploads%2F2026%2F03%2Fdeclaracion-politica-primer-ena.pdf#key=dGhlbWVNb2RlPWRlZmF1bHQmcHJlc2VudGF0aW9uPXRydWUmbGF6eUxvYWQ9ZmFsc2UmcG9zaXRpb249dG9wJmZsaXBib29rX3Rvb2xiYXJfcG9zaXRpb249Ym90dG9tJmRvd25sb2FkPXRydWUmdG9vbGJhcj10cnVlJmNvcHlfdGV4dD10cnVlJmFkZF90ZXh0PXRydWUmZHJhdz1mYWxzZSZkb2NfZGV0YWlscz10cnVlJmRvY19yb3RhdGlvbj10cnVlJmFkZF9pbWFnZT10cnVlJnpvb21faW49dHJ1ZSZ6b29tX291dD10cnVlJmZpdF92aWV3PXRydWUmYm9va21hcms9dHJ1ZSZzZWxlY3Rpb25fdG9vbD0wJnNjcm9sbGluZz0tMSZzcHJlYWRzPTA=\"><\/iframe><\/div><p class=\"embedpress-el-powered\">Powered By EmbedPress<\/p><\/div><\/div><\/div><\/div><\/div>\n","protected":false},"excerpt":{"rendered":"<p>Con inmenso j\u00fabilo popular informamos que los d\u00edas 28F y 1M nos reunimos en Medell\u00edn diversas organizaciones y activistas antiimperialistas.<\/p>\n","protected":false},"author":1,"featured_media":28811,"comment_status":"open","ping_status":"open","sticky":false,"template":"","format":"standard","meta":{"footnotes":""},"categories":[16,241,4,266],"tags":[157,253,32,39,158,105],"class_list":["post-28809","post","type-post","status-publish","format-standard","has-post-thumbnail","hentry","category-carrusel","category-lucha-antiimperialista","category-colombia","category-destacados","tag-antiimperialismo","tag-declaracion1erena","tag-imperialismo","tag-internacionalismo","tag-liga-antiimperialista","tag-resistencia-palestina"],"blocksy_meta":[],"_links":{"self":[{"href":"https:\/\/nuevademocracia.com.co\/index.php?rest_route=\/wp\/v2\/posts\/28809","targetHints":{"allow":["GET"]}}],"collection":[{"href":"https:\/\/nuevademocracia.com.co\/index.php?rest_route=\/wp\/v2\/posts"}],"about":[{"href":"https:\/\/nuevademocracia.com.co\/index.php?rest_route=\/wp\/v2\/types\/post"}],"author":[{"embeddable":true,"href":"https:\/\/nuevademocracia.com.co\/index.php?rest_route=\/wp\/v2\/users\/1"}],"replies":[{"embeddable":true,"href":"https:\/\/nuevademocracia.com.co\/index.php?rest_route=%2Fwp%2Fv2%2Fcomments&post=28809"}],"version-history":[{"count":4,"href":"https:\/\/nuevademocracia.com.co\/index.php?rest_route=\/wp\/v2\/posts\/28809\/revisions"}],"predecessor-version":[{"id":29016,"href":"https:\/\/nuevademocracia.com.co\/index.php?rest_route=\/wp\/v2\/posts\/28809\/revisions\/29016"}],"wp:featuredmedia":[{"embeddable":true,"href":"https:\/\/nuevademocracia.com.co\/index.php?rest_route=\/wp\/v2\/media\/28811"}],"wp:attachment":[{"href":"https:\/\/nuevademocracia.com.co\/index.php?rest_route=%2Fwp%2Fv2%2Fmedia&parent=28809"}],"wp:term":[{"taxonomy":"category","embeddable":true,"href":"https:\/\/nuevademocracia.com.co\/index.php?rest_route=%2Fwp%2Fv2%2Fcategories&post=28809"},{"taxonomy":"post_tag","embeddable":true,"href":"https:\/\/nuevademocracia.com.co\/index.php?rest_route=%2Fwp%2Fv2%2Ftags&post=28809"}],"curies":[{"name":"wp","href":"https:\/\/api.w.org\/{rel}","templated":true}]}}