{"id":28816,"date":"2026-03-11T10:56:02","date_gmt":"2026-03-11T15:56:02","guid":{"rendered":"https:\/\/nuevademocracia.com.co\/?p=28816"},"modified":"2026-03-27T23:37:02","modified_gmt":"2026-03-28T04:37:02","slug":"se-realizo-con-exito-el-i-encuentro-nacional-contra-la-agresion-yanqui-en-america-latina","status":"publish","type":"post","link":"https:\/\/nuevademocracia.com.co\/?p=28816","title":{"rendered":"Se realiz\u00f3 con \u00e9xito el I Encuentro Nacional contra la agresi\u00f3n yanqui en Am\u00e9rica Latina"},"content":{"rendered":"\n<hr class=\"wp-block-separator has-text-color has-palette-color-2-color has-alpha-channel-opacity has-palette-color-2-background-color has-background\"\/>\n\n\n\n<figure class=\"wp-block-image aligncenter size-large\"><img loading=\"lazy\" decoding=\"async\" width=\"1024\" height=\"683\" src=\"https:\/\/nuevademocracia.com.co\/wp-content\/uploads\/2026\/03\/ENA-_ND-6-1024x683.jpg\" alt=\"\" class=\"wp-image-28818\" srcset=\"https:\/\/nuevademocracia.com.co\/wp-content\/uploads\/2026\/03\/ENA-_ND-6-1024x683.jpg 1024w, https:\/\/nuevademocracia.com.co\/wp-content\/uploads\/2026\/03\/ENA-_ND-6-300x200.jpg 300w, https:\/\/nuevademocracia.com.co\/wp-content\/uploads\/2026\/03\/ENA-_ND-6-768x512.jpg 768w, https:\/\/nuevademocracia.com.co\/wp-content\/uploads\/2026\/03\/ENA-_ND-6-1536x1024.jpg 1536w, https:\/\/nuevademocracia.com.co\/wp-content\/uploads\/2026\/03\/ENA-_ND-6.jpg 1620w\" sizes=\"auto, (max-width: 1024px) 100vw, 1024px\" \/><\/figure>\n\n\n\n<div style=\"height:20px\" aria-hidden=\"true\" class=\"wp-block-spacer\"><\/div>\n\n\n\n<p class=\"has-black-color has-text-color has-link-color wp-elements-cfd4f01c597d6d71c0725de274cccc91\">La Coordinadora de Luchas Populares (CLP) convoc\u00f3 e impuls\u00f3 los d\u00edas 28 de febrero y 1 de marzo en Medell\u00edn, el I Encuentro Nacional contra la agresi\u00f3n yanqui en Am\u00e9rica Latina, reuniendo delegaciones de m\u00e1s de diez departamentos del pa\u00eds, as\u00ed como representantes de pa\u00edses hermanos como Chile y Venezuela, y del pueblo trabajador y revolucionario de Estados Unidos. El encuentro congreg\u00f3 a m\u00e1s de 35 organizaciones populares, democr\u00e1ticas y revolucionarias de Colombia, as\u00ed como varias personas activistas y luchadores populares, que participaron a t\u00edtulo personal.<\/p>\n\n\n\n<figure class=\"wp-block-gallery has-nested-images columns-2 wp-block-gallery-1 is-layout-flex wp-block-gallery-is-layout-flex\">\n<figure class=\"wp-block-image size-large\"><img loading=\"lazy\" decoding=\"async\" width=\"1024\" height=\"683\" data-id=\"28819\" src=\"https:\/\/nuevademocracia.com.co\/wp-content\/uploads\/2026\/03\/ENA-_ND-10-1024x683.jpg\" alt=\"\" class=\"wp-image-28819\" srcset=\"https:\/\/nuevademocracia.com.co\/wp-content\/uploads\/2026\/03\/ENA-_ND-10-1024x683.jpg 1024w, https:\/\/nuevademocracia.com.co\/wp-content\/uploads\/2026\/03\/ENA-_ND-10-300x200.jpg 300w, https:\/\/nuevademocracia.com.co\/wp-content\/uploads\/2026\/03\/ENA-_ND-10-768x512.jpg 768w, https:\/\/nuevademocracia.com.co\/wp-content\/uploads\/2026\/03\/ENA-_ND-10-1536x1024.jpg 1536w, https:\/\/nuevademocracia.com.co\/wp-content\/uploads\/2026\/03\/ENA-_ND-10.jpg 1620w\" sizes=\"auto, (max-width: 1024px) 100vw, 1024px\" \/><\/figure>\n\n\n\n<figure class=\"wp-block-image size-large\"><img loading=\"lazy\" decoding=\"async\" width=\"1024\" height=\"683\" data-id=\"28820\" src=\"https:\/\/nuevademocracia.com.co\/wp-content\/uploads\/2026\/03\/ENA-_ND-20-1024x683.jpg\" alt=\"\" class=\"wp-image-28820\" srcset=\"https:\/\/nuevademocracia.com.co\/wp-content\/uploads\/2026\/03\/ENA-_ND-20-1024x683.jpg 1024w, https:\/\/nuevademocracia.com.co\/wp-content\/uploads\/2026\/03\/ENA-_ND-20-300x200.jpg 300w, https:\/\/nuevademocracia.com.co\/wp-content\/uploads\/2026\/03\/ENA-_ND-20-768x512.jpg 768w, https:\/\/nuevademocracia.com.co\/wp-content\/uploads\/2026\/03\/ENA-_ND-20-1536x1024.jpg 1536w, https:\/\/nuevademocracia.com.co\/wp-content\/uploads\/2026\/03\/ENA-_ND-20.jpg 1620w\" sizes=\"auto, (max-width: 1024px) 100vw, 1024px\" \/><\/figure>\n\n\n\n<figure class=\"wp-block-image size-large\"><img loading=\"lazy\" decoding=\"async\" width=\"1024\" height=\"683\" data-id=\"28821\" src=\"https:\/\/nuevademocracia.com.co\/wp-content\/uploads\/2026\/03\/ENA-_ND-27-1024x683.jpg\" alt=\"\" class=\"wp-image-28821\" srcset=\"https:\/\/nuevademocracia.com.co\/wp-content\/uploads\/2026\/03\/ENA-_ND-27-1024x683.jpg 1024w, https:\/\/nuevademocracia.com.co\/wp-content\/uploads\/2026\/03\/ENA-_ND-27-300x200.jpg 300w, https:\/\/nuevademocracia.com.co\/wp-content\/uploads\/2026\/03\/ENA-_ND-27-768x512.jpg 768w, https:\/\/nuevademocracia.com.co\/wp-content\/uploads\/2026\/03\/ENA-_ND-27-1536x1024.jpg 1536w, https:\/\/nuevademocracia.com.co\/wp-content\/uploads\/2026\/03\/ENA-_ND-27.jpg 1620w\" sizes=\"auto, (max-width: 1024px) 100vw, 1024px\" \/><\/figure>\n\n\n\n<figure class=\"wp-block-image size-large\"><img loading=\"lazy\" decoding=\"async\" width=\"1024\" height=\"683\" data-id=\"28822\" src=\"https:\/\/nuevademocracia.com.co\/wp-content\/uploads\/2026\/03\/ENA-_ND-28-1-1024x683.jpg\" alt=\"\" class=\"wp-image-28822\" srcset=\"https:\/\/nuevademocracia.com.co\/wp-content\/uploads\/2026\/03\/ENA-_ND-28-1-1024x683.jpg 1024w, https:\/\/nuevademocracia.com.co\/wp-content\/uploads\/2026\/03\/ENA-_ND-28-1-300x200.jpg 300w, https:\/\/nuevademocracia.com.co\/wp-content\/uploads\/2026\/03\/ENA-_ND-28-1-768x512.jpg 768w, https:\/\/nuevademocracia.com.co\/wp-content\/uploads\/2026\/03\/ENA-_ND-28-1-1536x1024.jpg 1536w, https:\/\/nuevademocracia.com.co\/wp-content\/uploads\/2026\/03\/ENA-_ND-28-1.jpg 1620w\" sizes=\"auto, (max-width: 1024px) 100vw, 1024px\" \/><\/figure>\n<\/figure>\n\n\n\n<div style=\"height:20px\" aria-hidden=\"true\" class=\"wp-block-spacer\"><\/div>\n\n\n\n<p class=\"has-black-color has-text-color has-link-color wp-elements-e0fa95d6ed5a8d07fcadf62dbd9f6cc6\">En el evento destac\u00f3 la amplia participaci\u00f3n de delegaciones provenientes del Caribe colombiano, uno de los epicentros de la agresi\u00f3n imperialista en el \u00faltimo a\u00f1o. Estuvieron presentes organizaciones estudiantiles, campesinas y comunales de La Guajira, Sucre, Cesar, Magdalena, C\u00f3rdoba y Santander. Durante el encuentro se levant\u00f3 un fuerte grito de denuncia y rechazo contra la agresi\u00f3n de Estados Unidos al pueblo venezolano el 3 de enero, as\u00ed como contra la presencia militar estadounidense en el Caribe colombiano, y los bombardeos y acciones contrainsurgentes desplegadas en el Caribe, en el Catatumbo y otras partes del territorio nacional bajo el dictamen del imperialismo yanqui.<\/p>\n\n\n\n<figure class=\"wp-block-gallery has-nested-images columns-default wp-block-gallery-2 is-layout-flex wp-block-gallery-is-layout-flex\">\n<figure class=\"wp-block-image size-large\"><img loading=\"lazy\" decoding=\"async\" width=\"1024\" height=\"683\" data-id=\"28830\" src=\"https:\/\/nuevademocracia.com.co\/wp-content\/uploads\/2026\/03\/ENA-_ND-3-1024x683.jpg\" alt=\"\" class=\"wp-image-28830\" srcset=\"https:\/\/nuevademocracia.com.co\/wp-content\/uploads\/2026\/03\/ENA-_ND-3-1024x683.jpg 1024w, https:\/\/nuevademocracia.com.co\/wp-content\/uploads\/2026\/03\/ENA-_ND-3-300x200.jpg 300w, https:\/\/nuevademocracia.com.co\/wp-content\/uploads\/2026\/03\/ENA-_ND-3-768x512.jpg 768w, https:\/\/nuevademocracia.com.co\/wp-content\/uploads\/2026\/03\/ENA-_ND-3-1536x1024.jpg 1536w, https:\/\/nuevademocracia.com.co\/wp-content\/uploads\/2026\/03\/ENA-_ND-3.jpg 1620w\" sizes=\"auto, (max-width: 1024px) 100vw, 1024px\" \/><\/figure>\n\n\n\n<figure class=\"wp-block-image size-large\"><img loading=\"lazy\" decoding=\"async\" width=\"1024\" height=\"683\" data-id=\"28831\" src=\"https:\/\/nuevademocracia.com.co\/wp-content\/uploads\/2026\/03\/ENA-_ND-5-1024x683.jpg\" alt=\"\" class=\"wp-image-28831\" srcset=\"https:\/\/nuevademocracia.com.co\/wp-content\/uploads\/2026\/03\/ENA-_ND-5-1024x683.jpg 1024w, https:\/\/nuevademocracia.com.co\/wp-content\/uploads\/2026\/03\/ENA-_ND-5-300x200.jpg 300w, https:\/\/nuevademocracia.com.co\/wp-content\/uploads\/2026\/03\/ENA-_ND-5-768x512.jpg 768w, https:\/\/nuevademocracia.com.co\/wp-content\/uploads\/2026\/03\/ENA-_ND-5-1536x1024.jpg 1536w, https:\/\/nuevademocracia.com.co\/wp-content\/uploads\/2026\/03\/ENA-_ND-5.jpg 1620w\" sizes=\"auto, (max-width: 1024px) 100vw, 1024px\" \/><\/figure>\n\n\n\n<figure class=\"wp-block-image size-large\"><img loading=\"lazy\" decoding=\"async\" width=\"1024\" height=\"683\" data-id=\"28832\" src=\"https:\/\/nuevademocracia.com.co\/wp-content\/uploads\/2026\/03\/ENA-_ND-7-1024x683.jpg\" alt=\"\" class=\"wp-image-28832\" srcset=\"https:\/\/nuevademocracia.com.co\/wp-content\/uploads\/2026\/03\/ENA-_ND-7-1024x683.jpg 1024w, https:\/\/nuevademocracia.com.co\/wp-content\/uploads\/2026\/03\/ENA-_ND-7-300x200.jpg 300w, https:\/\/nuevademocracia.com.co\/wp-content\/uploads\/2026\/03\/ENA-_ND-7-768x512.jpg 768w, https:\/\/nuevademocracia.com.co\/wp-content\/uploads\/2026\/03\/ENA-_ND-7-1536x1024.jpg 1536w, https:\/\/nuevademocracia.com.co\/wp-content\/uploads\/2026\/03\/ENA-_ND-7.jpg 1620w\" sizes=\"auto, (max-width: 1024px) 100vw, 1024px\" \/><\/figure>\n\n\n\n<figure class=\"wp-block-image size-large\"><img loading=\"lazy\" decoding=\"async\" width=\"1024\" height=\"683\" data-id=\"28829\" src=\"https:\/\/nuevademocracia.com.co\/wp-content\/uploads\/2026\/03\/ENA-_ND-2-1024x683.jpg\" alt=\"\" class=\"wp-image-28829\" srcset=\"https:\/\/nuevademocracia.com.co\/wp-content\/uploads\/2026\/03\/ENA-_ND-2-1024x683.jpg 1024w, https:\/\/nuevademocracia.com.co\/wp-content\/uploads\/2026\/03\/ENA-_ND-2-300x200.jpg 300w, https:\/\/nuevademocracia.com.co\/wp-content\/uploads\/2026\/03\/ENA-_ND-2-768x512.jpg 768w, https:\/\/nuevademocracia.com.co\/wp-content\/uploads\/2026\/03\/ENA-_ND-2-1536x1024.jpg 1536w, https:\/\/nuevademocracia.com.co\/wp-content\/uploads\/2026\/03\/ENA-_ND-2.jpg 1620w\" sizes=\"auto, (max-width: 1024px) 100vw, 1024px\" \/><\/figure>\n\n\n\n<figure class=\"wp-block-image size-large\"><img loading=\"lazy\" decoding=\"async\" width=\"1024\" height=\"683\" data-id=\"28833\" src=\"https:\/\/nuevademocracia.com.co\/wp-content\/uploads\/2026\/03\/ENA-_ND-16-1024x683.jpg\" alt=\"\" class=\"wp-image-28833\" srcset=\"https:\/\/nuevademocracia.com.co\/wp-content\/uploads\/2026\/03\/ENA-_ND-16-1024x683.jpg 1024w, https:\/\/nuevademocracia.com.co\/wp-content\/uploads\/2026\/03\/ENA-_ND-16-300x200.jpg 300w, https:\/\/nuevademocracia.com.co\/wp-content\/uploads\/2026\/03\/ENA-_ND-16-768x512.jpg 768w, https:\/\/nuevademocracia.com.co\/wp-content\/uploads\/2026\/03\/ENA-_ND-16-1536x1024.jpg 1536w, https:\/\/nuevademocracia.com.co\/wp-content\/uploads\/2026\/03\/ENA-_ND-16.jpg 1620w\" sizes=\"auto, (max-width: 1024px) 100vw, 1024px\" \/><\/figure>\n<\/figure>\n\n\n\n<div style=\"height:20px\" aria-hidden=\"true\" class=\"wp-block-spacer\"><\/div>\n\n\n\n<p class=\"has-black-color has-text-color has-link-color wp-elements-4f078e825714db02ba7235ee26ddbd04\">Participaron procesos hist\u00f3ricos de lucha contra las multinacionales mineras, como la larga lucha de v\u00edctimas y desplazados de la multinacional Glencore, y movimientos de lucha por la tierra frente a terratenientes y latifundistas que sirven de sost\u00e9n de las estructuras de dominaci\u00f3n imperialista. Adem\u00e1s, numerosas organizaciones que defienden los derechos del pueblo enfatizaron que el \u00fanico camino hacia la liberaci\u00f3n nacional surge de la resistencia y la organizaci\u00f3n popular. Se resalt\u00f3 la relaci\u00f3n directa entre el imperialismo y los terratenientes, y se subray\u00f3 que la defensa del territorio y la conquista de la tierra son bases fundamentales de la lucha antiimperialista.<\/p>\n\n\n\n<figure class=\"wp-block-gallery aligncenter has-nested-images columns-default wp-block-gallery-3 is-layout-flex wp-block-gallery-is-layout-flex\">\n<figure class=\"wp-block-image size-large\"><img loading=\"lazy\" decoding=\"async\" width=\"1024\" height=\"683\" data-id=\"28844\" src=\"https:\/\/nuevademocracia.com.co\/wp-content\/uploads\/2026\/03\/ENA-_ND-9-1024x683.jpg\" alt=\"\" class=\"wp-image-28844\" srcset=\"https:\/\/nuevademocracia.com.co\/wp-content\/uploads\/2026\/03\/ENA-_ND-9-1024x683.jpg 1024w, https:\/\/nuevademocracia.com.co\/wp-content\/uploads\/2026\/03\/ENA-_ND-9-300x200.jpg 300w, https:\/\/nuevademocracia.com.co\/wp-content\/uploads\/2026\/03\/ENA-_ND-9-768x512.jpg 768w, https:\/\/nuevademocracia.com.co\/wp-content\/uploads\/2026\/03\/ENA-_ND-9-1536x1024.jpg 1536w, https:\/\/nuevademocracia.com.co\/wp-content\/uploads\/2026\/03\/ENA-_ND-9.jpg 1620w\" sizes=\"auto, (max-width: 1024px) 100vw, 1024px\" \/><\/figure>\n\n\n\n<figure class=\"wp-block-image size-large\"><img loading=\"lazy\" decoding=\"async\" width=\"1024\" height=\"683\" data-id=\"28845\" src=\"https:\/\/nuevademocracia.com.co\/wp-content\/uploads\/2026\/03\/ENA-_ND-13-1024x683.jpg\" alt=\"\" class=\"wp-image-28845\" srcset=\"https:\/\/nuevademocracia.com.co\/wp-content\/uploads\/2026\/03\/ENA-_ND-13-1024x683.jpg 1024w, https:\/\/nuevademocracia.com.co\/wp-content\/uploads\/2026\/03\/ENA-_ND-13-300x200.jpg 300w, https:\/\/nuevademocracia.com.co\/wp-content\/uploads\/2026\/03\/ENA-_ND-13-768x512.jpg 768w, https:\/\/nuevademocracia.com.co\/wp-content\/uploads\/2026\/03\/ENA-_ND-13-1536x1024.jpg 1536w, https:\/\/nuevademocracia.com.co\/wp-content\/uploads\/2026\/03\/ENA-_ND-13.jpg 1620w\" sizes=\"auto, (max-width: 1024px) 100vw, 1024px\" \/><\/figure>\n\n\n\n<figure class=\"wp-block-image size-large\"><img loading=\"lazy\" decoding=\"async\" width=\"1024\" height=\"683\" data-id=\"28846\" src=\"https:\/\/nuevademocracia.com.co\/wp-content\/uploads\/2026\/03\/ENA-_ND-14-1024x683.jpg\" alt=\"\" class=\"wp-image-28846\" srcset=\"https:\/\/nuevademocracia.com.co\/wp-content\/uploads\/2026\/03\/ENA-_ND-14-1024x683.jpg 1024w, https:\/\/nuevademocracia.com.co\/wp-content\/uploads\/2026\/03\/ENA-_ND-14-300x200.jpg 300w, https:\/\/nuevademocracia.com.co\/wp-content\/uploads\/2026\/03\/ENA-_ND-14-768x512.jpg 768w, https:\/\/nuevademocracia.com.co\/wp-content\/uploads\/2026\/03\/ENA-_ND-14-1536x1024.jpg 1536w, https:\/\/nuevademocracia.com.co\/wp-content\/uploads\/2026\/03\/ENA-_ND-14.jpg 1620w\" sizes=\"auto, (max-width: 1024px) 100vw, 1024px\" \/><\/figure>\n\n\n\n<figure class=\"wp-block-image size-large\"><img loading=\"lazy\" decoding=\"async\" width=\"1024\" height=\"683\" data-id=\"28849\" src=\"https:\/\/nuevademocracia.com.co\/wp-content\/uploads\/2026\/03\/ENA-_ND-15-1024x683.jpg\" alt=\"\" class=\"wp-image-28849\" srcset=\"https:\/\/nuevademocracia.com.co\/wp-content\/uploads\/2026\/03\/ENA-_ND-15-1024x683.jpg 1024w, https:\/\/nuevademocracia.com.co\/wp-content\/uploads\/2026\/03\/ENA-_ND-15-300x200.jpg 300w, https:\/\/nuevademocracia.com.co\/wp-content\/uploads\/2026\/03\/ENA-_ND-15-768x512.jpg 768w, https:\/\/nuevademocracia.com.co\/wp-content\/uploads\/2026\/03\/ENA-_ND-15-1536x1024.jpg 1536w, https:\/\/nuevademocracia.com.co\/wp-content\/uploads\/2026\/03\/ENA-_ND-15.jpg 1620w\" sizes=\"auto, (max-width: 1024px) 100vw, 1024px\" \/><\/figure>\n\n\n\n<figure class=\"wp-block-image size-large\"><img loading=\"lazy\" decoding=\"async\" width=\"1024\" height=\"683\" data-id=\"28848\" src=\"https:\/\/nuevademocracia.com.co\/wp-content\/uploads\/2026\/03\/ENA-_ND-19-1024x683.jpg\" alt=\"\" class=\"wp-image-28848\" srcset=\"https:\/\/nuevademocracia.com.co\/wp-content\/uploads\/2026\/03\/ENA-_ND-19-1024x683.jpg 1024w, https:\/\/nuevademocracia.com.co\/wp-content\/uploads\/2026\/03\/ENA-_ND-19-300x200.jpg 300w, https:\/\/nuevademocracia.com.co\/wp-content\/uploads\/2026\/03\/ENA-_ND-19-768x512.jpg 768w, https:\/\/nuevademocracia.com.co\/wp-content\/uploads\/2026\/03\/ENA-_ND-19-1536x1024.jpg 1536w, https:\/\/nuevademocracia.com.co\/wp-content\/uploads\/2026\/03\/ENA-_ND-19.jpg 1620w\" sizes=\"auto, (max-width: 1024px) 100vw, 1024px\" \/><\/figure>\n\n\n\n<figure class=\"wp-block-image size-large\"><img loading=\"lazy\" decoding=\"async\" width=\"1024\" height=\"683\" data-id=\"28847\" src=\"https:\/\/nuevademocracia.com.co\/wp-content\/uploads\/2026\/03\/ENA-_ND-21-1024x683.jpg\" alt=\"\" class=\"wp-image-28847\" srcset=\"https:\/\/nuevademocracia.com.co\/wp-content\/uploads\/2026\/03\/ENA-_ND-21-1024x683.jpg 1024w, https:\/\/nuevademocracia.com.co\/wp-content\/uploads\/2026\/03\/ENA-_ND-21-300x200.jpg 300w, https:\/\/nuevademocracia.com.co\/wp-content\/uploads\/2026\/03\/ENA-_ND-21-768x512.jpg 768w, https:\/\/nuevademocracia.com.co\/wp-content\/uploads\/2026\/03\/ENA-_ND-21-1536x1024.jpg 1536w, https:\/\/nuevademocracia.com.co\/wp-content\/uploads\/2026\/03\/ENA-_ND-21.jpg 1620w\" sizes=\"auto, (max-width: 1024px) 100vw, 1024px\" \/><\/figure>\n<\/figure>\n\n\n\n<div style=\"height:20px\" aria-hidden=\"true\" class=\"wp-block-spacer\"><\/div>\n\n\n\n<p class=\"has-black-color has-text-color has-link-color wp-elements-bb51024a1fbbdacdc8d684baa7d1b6d9\">Se cont\u00f3 tambi\u00e9n con la participaci\u00f3n de organizaciones que han apoyado la resistencia nacional palestina y denunciado el genocidio sionista, destacando la importancia de que la lucha antiimperialista sea internacional, uniendo a los pueblos del mundo contra un enemigo com\u00fan.<\/p>\n\n\n\n<figure class=\"wp-block-gallery aligncenter has-nested-images columns-default wp-block-gallery-4 is-layout-flex wp-block-gallery-is-layout-flex\">\n<figure class=\"wp-block-image size-large\"><img loading=\"lazy\" decoding=\"async\" width=\"1024\" height=\"683\" data-id=\"28825\" src=\"https:\/\/nuevademocracia.com.co\/wp-content\/uploads\/2026\/03\/ENA-_ND-1-1024x683.jpg\" alt=\"\" class=\"wp-image-28825\" srcset=\"https:\/\/nuevademocracia.com.co\/wp-content\/uploads\/2026\/03\/ENA-_ND-1-1024x683.jpg 1024w, https:\/\/nuevademocracia.com.co\/wp-content\/uploads\/2026\/03\/ENA-_ND-1-300x200.jpg 300w, https:\/\/nuevademocracia.com.co\/wp-content\/uploads\/2026\/03\/ENA-_ND-1-768x512.jpg 768w, https:\/\/nuevademocracia.com.co\/wp-content\/uploads\/2026\/03\/ENA-_ND-1-1536x1024.jpg 1536w, https:\/\/nuevademocracia.com.co\/wp-content\/uploads\/2026\/03\/ENA-_ND-1.jpg 1620w\" sizes=\"auto, (max-width: 1024px) 100vw, 1024px\" \/><\/figure>\n\n\n\n<figure class=\"wp-block-image size-large\"><img loading=\"lazy\" decoding=\"async\" width=\"1024\" height=\"683\" data-id=\"28828\" src=\"https:\/\/nuevademocracia.com.co\/wp-content\/uploads\/2026\/03\/ENA-_ND-12-1024x683.jpg\" alt=\"\" class=\"wp-image-28828\" srcset=\"https:\/\/nuevademocracia.com.co\/wp-content\/uploads\/2026\/03\/ENA-_ND-12-1024x683.jpg 1024w, https:\/\/nuevademocracia.com.co\/wp-content\/uploads\/2026\/03\/ENA-_ND-12-300x200.jpg 300w, https:\/\/nuevademocracia.com.co\/wp-content\/uploads\/2026\/03\/ENA-_ND-12-768x512.jpg 768w, https:\/\/nuevademocracia.com.co\/wp-content\/uploads\/2026\/03\/ENA-_ND-12-1536x1024.jpg 1536w, https:\/\/nuevademocracia.com.co\/wp-content\/uploads\/2026\/03\/ENA-_ND-12.jpg 1620w\" sizes=\"auto, (max-width: 1024px) 100vw, 1024px\" \/><\/figure>\n\n\n\n<figure class=\"wp-block-image size-large\"><img loading=\"lazy\" decoding=\"async\" width=\"1024\" height=\"683\" data-id=\"28824\" src=\"https:\/\/nuevademocracia.com.co\/wp-content\/uploads\/2026\/03\/ENA-_ND-17-1024x683.jpg\" alt=\"\" class=\"wp-image-28824\" srcset=\"https:\/\/nuevademocracia.com.co\/wp-content\/uploads\/2026\/03\/ENA-_ND-17-1024x683.jpg 1024w, https:\/\/nuevademocracia.com.co\/wp-content\/uploads\/2026\/03\/ENA-_ND-17-300x200.jpg 300w, https:\/\/nuevademocracia.com.co\/wp-content\/uploads\/2026\/03\/ENA-_ND-17-768x512.jpg 768w, https:\/\/nuevademocracia.com.co\/wp-content\/uploads\/2026\/03\/ENA-_ND-17-1536x1024.jpg 1536w, https:\/\/nuevademocracia.com.co\/wp-content\/uploads\/2026\/03\/ENA-_ND-17.jpg 1620w\" sizes=\"auto, (max-width: 1024px) 100vw, 1024px\" \/><\/figure>\n\n\n\n<figure class=\"wp-block-image size-large\"><img loading=\"lazy\" decoding=\"async\" width=\"1024\" height=\"683\" data-id=\"28826\" src=\"https:\/\/nuevademocracia.com.co\/wp-content\/uploads\/2026\/03\/ENA-_ND-18-1024x683.jpg\" alt=\"\" class=\"wp-image-28826\" srcset=\"https:\/\/nuevademocracia.com.co\/wp-content\/uploads\/2026\/03\/ENA-_ND-18-1024x683.jpg 1024w, https:\/\/nuevademocracia.com.co\/wp-content\/uploads\/2026\/03\/ENA-_ND-18-300x200.jpg 300w, https:\/\/nuevademocracia.com.co\/wp-content\/uploads\/2026\/03\/ENA-_ND-18-768x512.jpg 768w, https:\/\/nuevademocracia.com.co\/wp-content\/uploads\/2026\/03\/ENA-_ND-18-1536x1024.jpg 1536w, https:\/\/nuevademocracia.com.co\/wp-content\/uploads\/2026\/03\/ENA-_ND-18.jpg 1620w\" sizes=\"auto, (max-width: 1024px) 100vw, 1024px\" \/><\/figure>\n\n\n\n<figure class=\"wp-block-image size-large\"><img loading=\"lazy\" decoding=\"async\" width=\"1024\" height=\"683\" data-id=\"28827\" src=\"https:\/\/nuevademocracia.com.co\/wp-content\/uploads\/2026\/03\/ENA-_ND-4-1024x683.jpg\" alt=\"\" class=\"wp-image-28827\" srcset=\"https:\/\/nuevademocracia.com.co\/wp-content\/uploads\/2026\/03\/ENA-_ND-4-1024x683.jpg 1024w, https:\/\/nuevademocracia.com.co\/wp-content\/uploads\/2026\/03\/ENA-_ND-4-300x200.jpg 300w, https:\/\/nuevademocracia.com.co\/wp-content\/uploads\/2026\/03\/ENA-_ND-4-768x512.jpg 768w, https:\/\/nuevademocracia.com.co\/wp-content\/uploads\/2026\/03\/ENA-_ND-4-1536x1024.jpg 1536w, https:\/\/nuevademocracia.com.co\/wp-content\/uploads\/2026\/03\/ENA-_ND-4.jpg 1620w\" sizes=\"auto, (max-width: 1024px) 100vw, 1024px\" \/><\/figure>\n<\/figure>\n\n\n\n<div style=\"height:20px\" aria-hidden=\"true\" class=\"wp-block-spacer\"><\/div>\n\n\n\n<p class=\"has-black-color has-text-color has-link-color wp-elements-4805f0b852ebf799b225937ee9075988\">Asimismo, el encuentro abord\u00f3 problem\u00e1ticas como el racismo y la opresi\u00f3n a la mujer, subrayando su relaci\u00f3n con la opresi\u00f3n imperialista y la necesidad de incorporarlas en la lucha popular y antiimperialista para fortalecer la unidad del pueblo.<\/p>\n\n\n\n<p class=\"has-black-color has-text-color has-link-color wp-elements-9dc3a3cbab282ebc0786380f0e1774da\">El encuentro se caracteriz\u00f3 por un gran esp\u00edritu de unidad, buscando combatir tanto el sectarismo entre organizaciones como la conciliaci\u00f3n con el imperialismo y sus diferentes formas de agresi\u00f3n \u2014cultural, pol\u00edtica, econ\u00f3mica y militar\u2014 para consolidar puntos de unidad y una agenda com\u00fan de acciones que fortalezcan un movimiento antiimperialista consecuente.<\/p>\n\n\n\n<p class=\"has-black-color has-text-color has-link-color wp-elements-b622a8be60fe7af5304bdb07e164638c\">Durante el encuentro se dieron diferentes muestras culturales de poes\u00eda y m\u00fasica de diversos g\u00e9neros, que elevaron al m\u00e1ximo la moral de los asistentes y le imprimieron un gran car\u00e1cter popular al espacio.<\/p>\n\n\n\n<figure class=\"wp-block-gallery has-nested-images columns-4 is-cropped wp-block-gallery-5 is-layout-flex wp-block-gallery-is-layout-flex\">\n<figure class=\"wp-block-image size-large\"><img loading=\"lazy\" decoding=\"async\" width=\"683\" height=\"1024\" data-id=\"28834\" src=\"https:\/\/nuevademocracia.com.co\/wp-content\/uploads\/2026\/03\/ENA-_ND-24-683x1024.jpg\" alt=\"\" class=\"wp-image-28834\" srcset=\"https:\/\/nuevademocracia.com.co\/wp-content\/uploads\/2026\/03\/ENA-_ND-24-683x1024.jpg 683w, https:\/\/nuevademocracia.com.co\/wp-content\/uploads\/2026\/03\/ENA-_ND-24-200x300.jpg 200w, https:\/\/nuevademocracia.com.co\/wp-content\/uploads\/2026\/03\/ENA-_ND-24-768x1152.jpg 768w, https:\/\/nuevademocracia.com.co\/wp-content\/uploads\/2026\/03\/ENA-_ND-24-1024x1536.jpg 1024w, https:\/\/nuevademocracia.com.co\/wp-content\/uploads\/2026\/03\/ENA-_ND-24.jpg 1080w\" sizes=\"auto, (max-width: 683px) 100vw, 683px\" \/><\/figure>\n\n\n\n<figure class=\"wp-block-image size-large\"><img loading=\"lazy\" decoding=\"async\" width=\"1024\" height=\"683\" data-id=\"28838\" src=\"https:\/\/nuevademocracia.com.co\/wp-content\/uploads\/2026\/03\/ENA-_CLP-27-1024x683.jpg\" alt=\"\" class=\"wp-image-28838\" srcset=\"https:\/\/nuevademocracia.com.co\/wp-content\/uploads\/2026\/03\/ENA-_CLP-27-1024x683.jpg 1024w, https:\/\/nuevademocracia.com.co\/wp-content\/uploads\/2026\/03\/ENA-_CLP-27-300x200.jpg 300w, https:\/\/nuevademocracia.com.co\/wp-content\/uploads\/2026\/03\/ENA-_CLP-27-768x512.jpg 768w, https:\/\/nuevademocracia.com.co\/wp-content\/uploads\/2026\/03\/ENA-_CLP-27-1536x1024.jpg 1536w, https:\/\/nuevademocracia.com.co\/wp-content\/uploads\/2026\/03\/ENA-_CLP-27.jpg 1620w\" sizes=\"auto, (max-width: 1024px) 100vw, 1024px\" \/><\/figure>\n\n\n\n<figure class=\"wp-block-image size-large\"><img loading=\"lazy\" decoding=\"async\" width=\"683\" height=\"1024\" data-id=\"28841\" src=\"https:\/\/nuevademocracia.com.co\/wp-content\/uploads\/2026\/03\/ENA-_ND-25-683x1024.jpg\" alt=\"\" class=\"wp-image-28841\" srcset=\"https:\/\/nuevademocracia.com.co\/wp-content\/uploads\/2026\/03\/ENA-_ND-25-683x1024.jpg 683w, https:\/\/nuevademocracia.com.co\/wp-content\/uploads\/2026\/03\/ENA-_ND-25-200x300.jpg 200w, https:\/\/nuevademocracia.com.co\/wp-content\/uploads\/2026\/03\/ENA-_ND-25-768x1152.jpg 768w, https:\/\/nuevademocracia.com.co\/wp-content\/uploads\/2026\/03\/ENA-_ND-25-1024x1536.jpg 1024w, https:\/\/nuevademocracia.com.co\/wp-content\/uploads\/2026\/03\/ENA-_ND-25.jpg 1080w\" sizes=\"auto, (max-width: 683px) 100vw, 683px\" \/><\/figure>\n\n\n\n<figure class=\"wp-block-image size-large\"><img loading=\"lazy\" decoding=\"async\" width=\"1024\" height=\"683\" data-id=\"28837\" src=\"https:\/\/nuevademocracia.com.co\/wp-content\/uploads\/2026\/03\/ENA-_CLP-25-1024x683.jpg\" alt=\"\" class=\"wp-image-28837\" srcset=\"https:\/\/nuevademocracia.com.co\/wp-content\/uploads\/2026\/03\/ENA-_CLP-25-1024x683.jpg 1024w, https:\/\/nuevademocracia.com.co\/wp-content\/uploads\/2026\/03\/ENA-_CLP-25-300x200.jpg 300w, https:\/\/nuevademocracia.com.co\/wp-content\/uploads\/2026\/03\/ENA-_CLP-25-768x512.jpg 768w, https:\/\/nuevademocracia.com.co\/wp-content\/uploads\/2026\/03\/ENA-_CLP-25-1536x1024.jpg 1536w, https:\/\/nuevademocracia.com.co\/wp-content\/uploads\/2026\/03\/ENA-_CLP-25.jpg 1620w\" sizes=\"auto, (max-width: 1024px) 100vw, 1024px\" \/><\/figure>\n\n\n\n<figure class=\"wp-block-image size-large\"><img loading=\"lazy\" decoding=\"async\" width=\"1024\" height=\"683\" data-id=\"28835\" src=\"https:\/\/nuevademocracia.com.co\/wp-content\/uploads\/2026\/03\/ENA-_ND-29-1024x683.jpg\" alt=\"\" class=\"wp-image-28835\" srcset=\"https:\/\/nuevademocracia.com.co\/wp-content\/uploads\/2026\/03\/ENA-_ND-29-1024x683.jpg 1024w, https:\/\/nuevademocracia.com.co\/wp-content\/uploads\/2026\/03\/ENA-_ND-29-300x200.jpg 300w, https:\/\/nuevademocracia.com.co\/wp-content\/uploads\/2026\/03\/ENA-_ND-29-768x512.jpg 768w, https:\/\/nuevademocracia.com.co\/wp-content\/uploads\/2026\/03\/ENA-_ND-29-1536x1024.jpg 1536w, https:\/\/nuevademocracia.com.co\/wp-content\/uploads\/2026\/03\/ENA-_ND-29.jpg 1620w\" sizes=\"auto, (max-width: 1024px) 100vw, 1024px\" \/><\/figure>\n\n\n\n<figure class=\"wp-block-image size-large\"><img loading=\"lazy\" decoding=\"async\" width=\"1024\" height=\"683\" data-id=\"28836\" src=\"https:\/\/nuevademocracia.com.co\/wp-content\/uploads\/2026\/03\/ENA-_ND-30-1024x683.jpg\" alt=\"\" class=\"wp-image-28836\" srcset=\"https:\/\/nuevademocracia.com.co\/wp-content\/uploads\/2026\/03\/ENA-_ND-30-1024x683.jpg 1024w, https:\/\/nuevademocracia.com.co\/wp-content\/uploads\/2026\/03\/ENA-_ND-30-300x200.jpg 300w, https:\/\/nuevademocracia.com.co\/wp-content\/uploads\/2026\/03\/ENA-_ND-30-768x512.jpg 768w, https:\/\/nuevademocracia.com.co\/wp-content\/uploads\/2026\/03\/ENA-_ND-30-1536x1024.jpg 1536w, https:\/\/nuevademocracia.com.co\/wp-content\/uploads\/2026\/03\/ENA-_ND-30.jpg 1620w\" sizes=\"auto, (max-width: 1024px) 100vw, 1024px\" \/><\/figure>\n\n\n\n<figure class=\"wp-block-image size-large\"><img loading=\"lazy\" decoding=\"async\" width=\"1024\" height=\"683\" data-id=\"28839\" src=\"https:\/\/nuevademocracia.com.co\/wp-content\/uploads\/2026\/03\/ENA-_CLP-31-1024x683.jpg\" alt=\"\" class=\"wp-image-28839\" srcset=\"https:\/\/nuevademocracia.com.co\/wp-content\/uploads\/2026\/03\/ENA-_CLP-31-1024x683.jpg 1024w, https:\/\/nuevademocracia.com.co\/wp-content\/uploads\/2026\/03\/ENA-_CLP-31-300x200.jpg 300w, https:\/\/nuevademocracia.com.co\/wp-content\/uploads\/2026\/03\/ENA-_CLP-31-768x512.jpg 768w, https:\/\/nuevademocracia.com.co\/wp-content\/uploads\/2026\/03\/ENA-_CLP-31-1536x1024.jpg 1536w, https:\/\/nuevademocracia.com.co\/wp-content\/uploads\/2026\/03\/ENA-_CLP-31.jpg 1620w\" sizes=\"auto, (max-width: 1024px) 100vw, 1024px\" \/><\/figure>\n<\/figure>\n\n\n\n<div style=\"height:20px\" aria-hidden=\"true\" class=\"wp-block-spacer\"><\/div>\n\n\n\n<p class=\"has-black-color has-text-color has-link-color wp-elements-6636d67d0a00f3312ff426941fe90cfe\">El evento levant\u00f3 la urgente tarea de organizar un poderoso movimiento antiimperialista en Colombia, Am\u00e9rica Latina y todo el mundo. Puede encontrar a continuaci\u00f3n las <a href=\"https:\/\/nuevademocracia.com.co\/?p=28809\" target=\"_blank\" rel=\"noreferrer noopener\">resoluciones del Encuentro<\/a>.<\/p>\n\n\n\n<figure class=\"wp-block-embed aligncenter is-type-wp-embed is-provider-nueva-democracia wp-block-embed-nueva-democracia\"><div class=\"wp-block-embed__wrapper\">\n<blockquote class=\"wp-embedded-content\" data-secret=\"zxgwbwzVM3\"><a href=\"https:\/\/nuevademocracia.com.co\/?p=28809\">Declaraci\u00f3n Pol\u00edtica Primer Encuentro Nacional Antiimperialista (1erENA)<\/a><\/blockquote><iframe loading=\"lazy\" class=\"wp-embedded-content\" sandbox=\"allow-scripts\" security=\"restricted\" style=\"position: absolute; visibility: hidden;\" title=\"\u00abDeclaraci\u00f3n Pol\u00edtica Primer Encuentro Nacional Antiimperialista (1erENA)\u00bb \u2014 Nueva Democracia\" src=\"https:\/\/nuevademocracia.com.co\/?p=28809&#038;embed=true#?secret=rmNV4bgHqF#?secret=zxgwbwzVM3\" data-secret=\"zxgwbwzVM3\" width=\"600\" height=\"338\" frameborder=\"0\" marginwidth=\"0\" marginheight=\"0\" scrolling=\"no\"><\/iframe>\n<\/div><\/figure>\n\n\n\n<p class=\"has-black-color has-text-color has-link-color wp-elements-3556b46828bcd60a302bbf6baeb4062c\">Al finalizar el Encuentro se realizaron dos videos con pronunciamientos respecto a la agresi\u00f3n de EE.UU.-Israel contra Ir\u00e1n; y en apoyo a la justa lucha de los trabajadores argentinos.<\/p>\n\n\n\n<figure class=\"wp-block-embed aligncenter is-type-video is-provider-youtube wp-block-embed-youtube wp-embed-aspect-16-9 wp-has-aspect-ratio\"><div class=\"wp-block-embed__wrapper\">\n<iframe loading=\"lazy\" title=\"Encuentro Nacional Antiimperialista - Mensaje en solidaridad con la lucha trabajadores en Argentina \" width=\"1290\" height=\"726\" src=\"https:\/\/www.youtube.com\/embed\/aD1W9TX95Uc?feature=oembed\" frameborder=\"0\" allow=\"accelerometer; autoplay; clipboard-write; encrypted-media; gyroscope; picture-in-picture; web-share\" referrerpolicy=\"strict-origin-when-cross-origin\" allowfullscreen><\/iframe>\n<\/div><\/figure>\n\n\n\n<figure class=\"wp-block-embed aligncenter is-type-video is-provider-youtube wp-block-embed-youtube wp-embed-aspect-16-9 wp-has-aspect-ratio\"><div class=\"wp-block-embed__wrapper\">\n<iframe loading=\"lazy\" title=\"Encuentro Nacional Antiimperialista- Mensaje contra la agresi\u00f3n del imperialismo yanqui a Ir\u00e1n \" width=\"1290\" height=\"726\" src=\"https:\/\/www.youtube.com\/embed\/rHjJyOWy8Tg?feature=oembed\" frameborder=\"0\" allow=\"accelerometer; autoplay; clipboard-write; encrypted-media; gyroscope; picture-in-picture; web-share\" referrerpolicy=\"strict-origin-when-cross-origin\" allowfullscreen><\/iframe>\n<\/div><\/figure>\n","protected":false},"excerpt":{"rendered":"<p>La CLP convoc\u00f3 e impuls\u00f3 exitosamente, los d\u00edas 28F y 1M en Medell\u00edn, el I Encuentro Nacional contra la agresi\u00f3n yanqui en Am\u00e9rica Latina.<\/p>\n","protected":false},"author":1,"featured_media":28818,"comment_status":"open","ping_status":"open","sticky":false,"template":"","format":"standard","meta":{"footnotes":""},"categories":[241,4],"tags":[157,32,39,158,105],"class_list":["post-28816","post","type-post","status-publish","format-standard","has-post-thumbnail","hentry","category-lucha-antiimperialista","category-colombia","tag-antiimperialismo","tag-imperialismo","tag-internacionalismo","tag-liga-antiimperialista","tag-resistencia-palestina"],"blocksy_meta":[],"_links":{"self":[{"href":"https:\/\/nuevademocracia.com.co\/index.php?rest_route=\/wp\/v2\/posts\/28816","targetHints":{"allow":["GET"]}}],"collection":[{"href":"https:\/\/nuevademocracia.com.co\/index.php?rest_route=\/wp\/v2\/posts"}],"about":[{"href":"https:\/\/nuevademocracia.com.co\/index.php?rest_route=\/wp\/v2\/types\/post"}],"author":[{"embeddable":true,"href":"https:\/\/nuevademocracia.com.co\/index.php?rest_route=\/wp\/v2\/users\/1"}],"replies":[{"embeddable":true,"href":"https:\/\/nuevademocracia.com.co\/index.php?rest_route=%2Fwp%2Fv2%2Fcomments&post=28816"}],"version-history":[{"count":9,"href":"https:\/\/nuevademocracia.com.co\/index.php?rest_route=\/wp\/v2\/posts\/28816\/revisions"}],"predecessor-version":[{"id":29017,"href":"https:\/\/nuevademocracia.com.co\/index.php?rest_route=\/wp\/v2\/posts\/28816\/revisions\/29017"}],"wp:featuredmedia":[{"embeddable":true,"href":"https:\/\/nuevademocracia.com.co\/index.php?rest_route=\/wp\/v2\/media\/28818"}],"wp:attachment":[{"href":"https:\/\/nuevademocracia.com.co\/index.php?rest_route=%2Fwp%2Fv2%2Fmedia&parent=28816"}],"wp:term":[{"taxonomy":"category","embeddable":true,"href":"https:\/\/nuevademocracia.com.co\/index.php?rest_route=%2Fwp%2Fv2%2Fcategories&post=28816"},{"taxonomy":"post_tag","embeddable":true,"href":"https:\/\/nuevademocracia.com.co\/index.php?rest_route=%2Fwp%2Fv2%2Ftags&post=28816"}],"curies":[{"name":"wp","href":"https:\/\/api.w.org\/{rel}","templated":true}]}}