{"id":28855,"date":"2026-03-15T18:52:13","date_gmt":"2026-03-15T23:52:13","guid":{"rendered":"https:\/\/nuevademocracia.com.co\/?p=28855"},"modified":"2026-03-27T23:37:10","modified_gmt":"2026-03-28T04:37:10","slug":"comunidades-del-canon-del-micay-denuncian-estigmatizacion-a-la-protesta-social","status":"publish","type":"post","link":"https:\/\/nuevademocracia.com.co\/?p=28855","title":{"rendered":"Comunidades del Ca\u00f1\u00f3n del Micay denuncian estigmatizaci\u00f3n a la protesta social"},"content":{"rendered":"\n<hr class=\"wp-block-separator has-text-color has-palette-color-2-color has-alpha-channel-opacity has-palette-color-2-background-color has-background\"\/>\n\n\n\n<p class=\"has-black-color has-text-color has-link-color wp-elements-59c34d04794ed07ef4d861e2c5a67742\">Los l\u00edderes campesinos Juan Pablo Giraldo y Duberney Galvis, del Ca\u00f1\u00f3n del Micay, en el suroccidente del departamento del Cauca, fueron capturados el pasado 2 de marzo y, seg\u00fan las comunidades del territorio, est\u00e1n siendo criminalizados por las protestas campesinas ocurridas en marzo de 2025.<\/p>\n\n\n\n<figure class=\"wp-block-image size-full\"><img loading=\"lazy\" decoding=\"async\" width=\"1017\" height=\"941\" src=\"https:\/\/nuevademocracia.com.co\/wp-content\/uploads\/2026\/03\/WhatsApp-Image-2026-02-23-at-10.02.41-PM-2.jpeg\" alt=\"\" class=\"wp-image-28860\" srcset=\"https:\/\/nuevademocracia.com.co\/wp-content\/uploads\/2026\/03\/WhatsApp-Image-2026-02-23-at-10.02.41-PM-2.jpeg 1017w, https:\/\/nuevademocracia.com.co\/wp-content\/uploads\/2026\/03\/WhatsApp-Image-2026-02-23-at-10.02.41-PM-2-300x278.jpeg 300w, https:\/\/nuevademocracia.com.co\/wp-content\/uploads\/2026\/03\/WhatsApp-Image-2026-02-23-at-10.02.41-PM-2-768x711.jpeg 768w\" sizes=\"auto, (max-width: 1017px) 100vw, 1017px\" \/><figcaption class=\"wp-element-caption\">Juan Pablo Giraldo y Duberney Galvis foto <a href=\"https:\/\/informativodelsur.com\">https:\/\/informativodelsur.com<\/a><\/figcaption><\/figure>\n\n\n\n<p class=\"has-black-color has-text-color has-link-color wp-elements-057c820ecc447fad6ad941a660ede371\"><\/p>\n\n\n\n<p class=\"has-black-color has-text-color has-link-color wp-elements-7c9310af63d9a5623a9e091d179c94dc\">De acuerdo con informaci\u00f3n proporcionada por funcionarios de la Fiscal\u00eda a medios regionales, ambos l\u00edderes son investigados por su presunta relaci\u00f3n con los hechos ocurridos en el corregimiento de Honduras, municipio de El Tambo, donde 57 militares fueron retenidos temporalmente durante una protesta campesina. Seg\u00fan las comunidades, Giraldo y Galvis han sido, durante a\u00f1os, referentes del liderazgo campesino, participando en procesos de organizaci\u00f3n social, mediaci\u00f3n comunitaria y defensa del territorio.<\/p>\n\n\n\n<p class=\"has-black-color has-text-color has-link-color wp-elements-bc5db70de9f4630ce8aac12b3fb89bfa\">Para los habitantes del Micay, esta acusaci\u00f3n desconoce la realidad de lo ocurrido en el territorio. Comunidades campesinas de la regi\u00f3n denunciaron que las detenciones hacen parte de un proceso de estigmatizaci\u00f3n y criminalizaci\u00f3n contra el movimiento social del territorio. Campesinos que participaron en aquellas jornadas de protesta aseguran que lo sucedido fue una acci\u00f3n de presi\u00f3n comunitaria y rechazo a la presencia militar.<\/p>\n\n\n\n<p class=\"has-black-color has-text-color has-link-color wp-elements-f93b9fde40d58e8b4e90126ed2d810d3\">\u201cNosotros no somos guerrilla ni narcotraficantes. Somos comunidades que llevamos a\u00f1os pidiendo que nos escuchen\u201d, afirman los habitantes de la zona.<\/p>\n\n\n\n<p class=\"has-black-color has-text-color has-link-color wp-elements-d3b291d2cd5133124a42f5be92cb562c\">El conflicto entre la comunidad y los militares se present\u00f3 en un contexto de lo que las comunidades campesinas consideran incumplimientos del Gobierno nacional respecto a los acuerdos alcanzados en 2024, tras movilizaciones campesinas en el Cauca. En ese momento, representantes del Gobierno se comprometieron a impulsar programas de sustituci\u00f3n voluntaria de cultivos de uso il\u00edcito, proyectos productivos e inversi\u00f3n social en municipios del sur del departamento.<\/p>\n\n\n\n<p class=\"has-black-color has-text-color has-link-color wp-elements-1b6633231c8802adf52a499955760e86\">No obstante, campesinos de sectores como La Hacienda, Honduras, Huisit\u00f3 y Argelia aseguran que esos compromisos a\u00fan no se han materializado.<\/p>\n\n\n\n<p class=\"has-black-color has-text-color has-link-color wp-elements-2c182c7dc0c3538685a80b3c5923a1fc\">\u201cNos prometieron proyectos productivos y sustituci\u00f3n voluntaria, pero nunca llegaron\u201d, afirma un l\u00edder de la zona.<\/p>\n\n\n\n<p class=\"has-black-color has-text-color has-link-color wp-elements-ce3ad7d1fec6a65a1506c78cbe64df6a\">Lo que s\u00ed lleg\u00f3 \u2014seg\u00fan denuncian\u2014 fue el aumento de la presencia militar.<\/p>\n\n\n\n<p class=\"has-black-color has-text-color has-link-color wp-elements-10f780edd77fb5a007bfe85c5614b581\">\u201cPrimero llegaron m\u00e1s soldados antes que los proyectos productivos\u201d.<\/p>\n\n\n\n<p class=\"has-black-color has-text-color has-link-color wp-elements-e2a1faa10b7fa5b9c5ed92fafeb0f9a3\">Seg\u00fan estas organizaciones, el despliegue militar en zonas como El Plateado ha incrementado la violencia social en un territorio hist\u00f3ricamente marcado por el conflicto armado. El pasado 29 de enero de 2026, comunidades de El Plateado denunciaron el asesinato de dos pobladores conocidos de la zona, presuntamente a manos de militares, hecho que a\u00fan genera rechazo en la regi\u00f3n.<\/p>\n\n\n\n<p class=\"has-black-color has-text-color has-link-color wp-elements-c6e9e4fd8088aaa94cc8579b248b1a7c\">A las tensiones actuales se suma el rechazo de varios sectores campesinos a la posible construcci\u00f3n de una represa en la regi\u00f3n del Micay, proyecto que, seg\u00fan denuncian, no ha sido socializado adecuadamente con las comunidades.<\/p>\n\n\n\n<p class=\"has-black-color has-text-color has-link-color wp-elements-37087252549369f1d4b8005871e64447\">Los campesinos temen que iniciativas de gran escala puedan afectar el equilibrio ambiental del territorio y poner en riesgo la permanencia de las comunidades campesinas que han habitado estas monta\u00f1as durante generaciones.<\/p>\n\n\n\n<p><\/p>\n","protected":false},"excerpt":{"rendered":"<p>Comunidades campesinas de la regi\u00f3n denunciaron que las detenciones hacen parte de un proceso de estigmatizaci\u00f3n y criminalizaci\u00f3n contra el movimiento social del territorio. Campesinos que participaron en aquellas jornadas de protesta aseguran que lo sucedido fue una acci\u00f3n de presi\u00f3n comunitaria y rechazo a la presencia militar.<\/p>\n","protected":false},"author":1,"featured_media":28856,"comment_status":"open","ping_status":"open","sticky":false,"template":"","format":"standard","meta":{"footnotes":""},"categories":[4],"tags":[21,44,41],"class_list":["post-28855","post","type-post","status-publish","format-standard","has-post-thumbnail","hentry","category-colombia","tag-campesinos","tag-criminalizacion-a-la-protesta","tag-represion-estatal"],"blocksy_meta":[],"_links":{"self":[{"href":"https:\/\/nuevademocracia.com.co\/index.php?rest_route=\/wp\/v2\/posts\/28855","targetHints":{"allow":["GET"]}}],"collection":[{"href":"https:\/\/nuevademocracia.com.co\/index.php?rest_route=\/wp\/v2\/posts"}],"about":[{"href":"https:\/\/nuevademocracia.com.co\/index.php?rest_route=\/wp\/v2\/types\/post"}],"author":[{"embeddable":true,"href":"https:\/\/nuevademocracia.com.co\/index.php?rest_route=\/wp\/v2\/users\/1"}],"replies":[{"embeddable":true,"href":"https:\/\/nuevademocracia.com.co\/index.php?rest_route=%2Fwp%2Fv2%2Fcomments&post=28855"}],"version-history":[{"count":6,"href":"https:\/\/nuevademocracia.com.co\/index.php?rest_route=\/wp\/v2\/posts\/28855\/revisions"}],"predecessor-version":[{"id":29018,"href":"https:\/\/nuevademocracia.com.co\/index.php?rest_route=\/wp\/v2\/posts\/28855\/revisions\/29018"}],"wp:featuredmedia":[{"embeddable":true,"href":"https:\/\/nuevademocracia.com.co\/index.php?rest_route=\/wp\/v2\/media\/28856"}],"wp:attachment":[{"href":"https:\/\/nuevademocracia.com.co\/index.php?rest_route=%2Fwp%2Fv2%2Fmedia&parent=28855"}],"wp:term":[{"taxonomy":"category","embeddable":true,"href":"https:\/\/nuevademocracia.com.co\/index.php?rest_route=%2Fwp%2Fv2%2Fcategories&post=28855"},{"taxonomy":"post_tag","embeddable":true,"href":"https:\/\/nuevademocracia.com.co\/index.php?rest_route=%2Fwp%2Fv2%2Ftags&post=28855"}],"curies":[{"name":"wp","href":"https:\/\/api.w.org\/{rel}","templated":true}]}}