{"id":28863,"date":"2026-03-15T19:15:46","date_gmt":"2026-03-16T00:15:46","guid":{"rendered":"https:\/\/nuevademocracia.com.co\/?p=28863"},"modified":"2026-03-27T23:41:50","modified_gmt":"2026-03-28T04:41:50","slug":"bombardeo-conjunto-y-llegada-del-fbi-a-ecuador-crece-la-ocupacion-militar-de-estados-unidos-y-el-servilismo-del-gobierno-de-ecuador","status":"publish","type":"post","link":"https:\/\/nuevademocracia.com.co\/?p=28863","title":{"rendered":"Bombardeo conjunto y llegada del FBI a Ecuador: crece la ocupaci\u00f3n militar de Estados Unidos y el servilismo del gobierno de Ecuador"},"content":{"rendered":"\n<hr class=\"wp-block-separator has-text-color has-palette-color-2-color has-alpha-channel-opacity has-palette-color-2-background-color has-background\"\/>\n\n\n\n<p class=\"has-black-color has-text-color has-link-color wp-elements-a74b23a149f58b2137566c94984d2e39\">Este pasado 3 de marzo se registr\u00f3 una operaci\u00f3n militar conjunta: las Fuerzas Armadas ecuatorianas y Estados Unidos bombardearon un campamento de la organizaci\u00f3n armada colombiana Comandos de la Frontera en la provincia amaz\u00f3nica de Sucumb\u00edos, cerca de la frontera con Colombia. El Comando Sur de Estados Unidos describi\u00f3 la acci\u00f3n como una operaci\u00f3n militar conjunta de car\u00e1cter \u201cletal\u201d, confirmando su participaci\u00f3n en el operativo.<\/p>\n\n\n\n<figure class=\"wp-block-image size-large\"><img loading=\"lazy\" decoding=\"async\" width=\"1024\" height=\"521\" src=\"https:\/\/nuevademocracia.com.co\/wp-content\/uploads\/2026\/03\/Screenshot-From-2026-03-12-02-19-29-1024x521.png\" alt=\"Captura de patalla de video de la operaci\u00f3n militar publicado por el comando Sur de Estados unidos\" class=\"wp-image-28864\" srcset=\"https:\/\/nuevademocracia.com.co\/wp-content\/uploads\/2026\/03\/Screenshot-From-2026-03-12-02-19-29-1024x521.png 1024w, https:\/\/nuevademocracia.com.co\/wp-content\/uploads\/2026\/03\/Screenshot-From-2026-03-12-02-19-29-300x153.png 300w, https:\/\/nuevademocracia.com.co\/wp-content\/uploads\/2026\/03\/Screenshot-From-2026-03-12-02-19-29-768x391.png 768w, https:\/\/nuevademocracia.com.co\/wp-content\/uploads\/2026\/03\/Screenshot-From-2026-03-12-02-19-29.png 1062w\" sizes=\"auto, (max-width: 1024px) 100vw, 1024px\" \/><figcaption class=\"wp-element-caption\">Captura de patalla de video de la operaci\u00f3n militar publicado por el comando Sur de Estados unidos Marzo 3, 2026. <\/figcaption><\/figure>\n\n\n\n<p class=\"has-black-color has-text-color has-link-color wp-elements-057c820ecc447fad6ad941a660ede371\"><\/p>\n\n\n\n<p class=\"has-black-color has-text-color has-link-color wp-elements-37fcd511737dc6ecfdb75e574bad035e\">Lo que marca un grave aumento de la injerencia militar de Estados Unidos en Ecuador como parte de sus planes de mayor ocupaci\u00f3n militar en Am\u00e9rica Latina y de profundizaci\u00f3n del sometimiento de los pa\u00edses de su \u201cpatio trasero\u201d.<\/p>\n\n\n\n<p class=\"has-black-color has-text-color has-link-color wp-elements-492049b9763483af0ac168722584fc34\">Bajo la trillada excusa del combate al narcoterrorismo, se justifica la expansi\u00f3n de la presencia militar estadounidense en Am\u00e9rica Latina, la injerencia en asuntos internos de los pa\u00edses y la violaci\u00f3n de la soberan\u00eda.<\/p>\n\n\n\n<p class=\"has-black-color has-text-color has-link-color wp-elements-afeba8f8bc6063b35e25b54b1d4573cb\">Paralelamente, el pasado 11 de marzo se anunci\u00f3 la apertura de una oficina del Bur\u00f3 Federal de Investigaciones (FBI) en Quito. Seg\u00fan el ministro del Interior ecuatoriano, John Reimberg, el cambio fundamental es que \u201cahora tendremos agentes del FBI permanentemente en Ecuador trabajando con una unidad de la Polic\u00eda Nacional\u201d. Esto significa que funcionarios de una agencia federal estadounidense operar\u00e1n de forma estable dentro del territorio ecuatoriano, coordinando investigaciones y compartiendo informaci\u00f3n con las autoridades locales.<\/p>\n\n\n\n<p class=\"has-black-color has-text-color has-link-color wp-elements-c86c505d51883b34640bdc6b0334e06d\">La ampliaci\u00f3n de la cooperaci\u00f3n militar con Estados Unidos resulta completamente en desacuerdo con la voluntad popular del pueblo ecuatoriano. En noviembre de 2025, el presidente Noboa intent\u00f3 cambiar la Constituci\u00f3n para permitir la presencia de bases militares en el territorio ecuatoriano. En ese plebiscito, amplios sectores de la sociedad ecuatoriana manifestaron su rechazo al retorno de bases militares extranjeras en el pa\u00eds. La memoria hist\u00f3rica de la base estadounidense de Manta \u2014cerrada en 2009\u2014 sigue siendo un s\u00edmbolo del sometimiento y la agresi\u00f3n que genera la presencia militar extranjera en territorio nacional.<\/p>\n\n\n\n<p class=\"has-black-color has-text-color has-link-color wp-elements-3ad63200f1c990546207218b97ea4a31\">Diversos movimientos sociales y sectores pol\u00edticos advirtieron entonces que permitir nuevamente instalaciones militares o presencia operativa de fuerzas extranjeras podr\u00eda abrir la puerta a nuevas formas de intervenci\u00f3n.<\/p>\n\n\n\n<p class=\"has-black-color has-text-color has-link-color wp-elements-9f38d083b44b3213260ccc3ff78f38ea\">Para el periodista y analista ecuatoriano Orlando P\u00e9rez, lo que est\u00e1 ocurriendo actualmente representa una transformaci\u00f3n profunda del rol del pa\u00eds en la estrategia regional de Washington.<\/p>\n\n\n\n<p class=\"has-black-color has-text-color has-link-color wp-elements-b9ab30f5542177e7aad877599f30327f\">\u201cEn la pr\u00e1ctica, Ecuador ya funciona como una base militar de Estados Unidos\u201d, ha se\u00f1alado el analista, quien advierte que el territorio ecuatoriano podr\u00eda estar siendo utilizado como un \u201claboratorio\u201d para nuevas formas de intervenci\u00f3n militar en Am\u00e9rica Latina bajo el argumento del combate al narcotr\u00e1fico.<\/p>\n\n\n\n<p class=\"has-black-color has-text-color has-link-color wp-elements-d809f635429738b9c96e528471e696a5\">Seg\u00fan su an\u00e1lisis, la presencia creciente de personal militar estadounidense, la llegada constante de aeronaves militares y las operaciones conjuntas sugieren que Washington ya participa activamente en el dise\u00f1o y ejecuci\u00f3n de acciones militares dentro del pa\u00eds.<\/p>\n\n\n\n<p class=\"has-black-color has-text-color has-link-color wp-elements-4b173151692cd6b44c6506d4196dcd87\">El propio FBI, por su parte, tambi\u00e9n tiene una larga historia de actividad en el pa\u00eds y en toda Am\u00e9rica Latina.<\/p>\n\n\n\n<p class=\"has-black-color has-text-color has-link-color wp-elements-47a509cdbc26c6f42a0fe8ea2d557510\">Investigaciones hist\u00f3ricas muestran que durante la Segunda Guerra Mundial el gobierno de Estados Unidos cre\u00f3 el programa Special Intelligence Service (SIS), bajo la direcci\u00f3n del entonces jefe del FBI, J. Edgar Hoover. Aunque oficialmente su objetivo era combatir la influencia nazi en el continente, el programa se centr\u00f3 posteriormente en el combate al comunismo y en inmiscuirse en los asuntos internos de los pa\u00edses.<\/p>\n\n\n\n<p class=\"has-black-color has-text-color has-link-color wp-elements-3fe03cf151690d5f0171ee54201e6d57\">En Ecuador llegaron a operar hasta 45 agentes del FBI, a pesar de que el pa\u00eds no ten\u00eda redes significativas de espionaje alem\u00e1n. Con el paso del tiempo, el foco de estas operaciones cambi\u00f3: la vigilancia dej\u00f3 de centrarse en el nazismo y pas\u00f3 a concentrarse en movimientos de izquierda, organizaciones sindicales y actores pol\u00edticos considerados contrarios a los intereses estadounidenses.<\/p>\n\n\n\n<p class=\"has-black-color has-text-color has-link-color wp-elements-c42492803b57dbf08ca5ab265c1dbe39\">Los documentos hist\u00f3ricos analizados por investigadores muestran que estas operaciones formaban parte de una estrategia m\u00e1s amplia de vigilancia pol\u00edtica y control ideol\u00f3gico en la regi\u00f3n.<\/p>\n\n\n\n<p class=\"has-black-color has-text-color has-link-color wp-elements-67c2f358aca426de86ffbafe8387c432\">El presidente Daniel Noboa se ha mostrado dispuesto a servir a Estados Unidos y a sus planes hegemonistas e imperialistas, buscando contribuir al sometimiento de los pueblos de Am\u00e9rica Latina. En el plano diplom\u00e1tico, este alineamiento se expresa en la reciente expulsi\u00f3n de diplom\u00e1ticos cubanos de Ecuador, sirviendo a la agresi\u00f3n y al cerco ilegal e ileg\u00edtimo que mantiene Estados Unidos sobre la isla caribe\u00f1a. El gobierno de Cuba ha acusado a Noboa de actuar con \u201cservilismo\u201d frente a Estados Unidos, pues los m\u00f3viles, seg\u00fan se\u00f1alan, apuntan claramente a sujetarse a los dict\u00e1menes de Washington.<\/p>\n","protected":false},"excerpt":{"rendered":"<p>Bajo la trillada excusa del combate al narcoterrorismo, se justifica la expansi\u00f3n de la presencia militar estadounidense en Am\u00e9rica Latina, la injerencia en asuntos internos de los pa\u00edses y la violaci\u00f3n de la soberan\u00eda.<\/p>\n","protected":false},"author":1,"featured_media":28865,"comment_status":"open","ping_status":"open","sticky":false,"template":"","format":"standard","meta":{"footnotes":""},"categories":[16,116,31],"tags":[256,255,32,254],"class_list":["post-28863","post","type-post","status-publish","format-standard","has-post-thumbnail","hentry","category-carrusel","category-imperialismo","category-internacional","tag-cooperacion-militar","tag-ecuador","tag-imperialismo","tag-intervesion-eeuu"],"blocksy_meta":[],"_links":{"self":[{"href":"https:\/\/nuevademocracia.com.co\/index.php?rest_route=\/wp\/v2\/posts\/28863","targetHints":{"allow":["GET"]}}],"collection":[{"href":"https:\/\/nuevademocracia.com.co\/index.php?rest_route=\/wp\/v2\/posts"}],"about":[{"href":"https:\/\/nuevademocracia.com.co\/index.php?rest_route=\/wp\/v2\/types\/post"}],"author":[{"embeddable":true,"href":"https:\/\/nuevademocracia.com.co\/index.php?rest_route=\/wp\/v2\/users\/1"}],"replies":[{"embeddable":true,"href":"https:\/\/nuevademocracia.com.co\/index.php?rest_route=%2Fwp%2Fv2%2Fcomments&post=28863"}],"version-history":[{"count":7,"href":"https:\/\/nuevademocracia.com.co\/index.php?rest_route=\/wp\/v2\/posts\/28863\/revisions"}],"predecessor-version":[{"id":29025,"href":"https:\/\/nuevademocracia.com.co\/index.php?rest_route=\/wp\/v2\/posts\/28863\/revisions\/29025"}],"wp:featuredmedia":[{"embeddable":true,"href":"https:\/\/nuevademocracia.com.co\/index.php?rest_route=\/wp\/v2\/media\/28865"}],"wp:attachment":[{"href":"https:\/\/nuevademocracia.com.co\/index.php?rest_route=%2Fwp%2Fv2%2Fmedia&parent=28863"}],"wp:term":[{"taxonomy":"category","embeddable":true,"href":"https:\/\/nuevademocracia.com.co\/index.php?rest_route=%2Fwp%2Fv2%2Fcategories&post=28863"},{"taxonomy":"post_tag","embeddable":true,"href":"https:\/\/nuevademocracia.com.co\/index.php?rest_route=%2Fwp%2Fv2%2Ftags&post=28863"}],"curies":[{"name":"wp","href":"https:\/\/api.w.org\/{rel}","templated":true}]}}