{"id":28873,"date":"2026-03-17T13:02:48","date_gmt":"2026-03-17T18:02:48","guid":{"rendered":"https:\/\/nuevademocracia.com.co\/?p=28873"},"modified":"2026-03-27T23:22:42","modified_gmt":"2026-03-28T04:22:42","slug":"crece-la-intervencion-del-imperialismo-yanqui-en-america-latina","status":"publish","type":"post","link":"https:\/\/nuevademocracia.com.co\/?p=28873","title":{"rendered":"HR &#8211; Crece la intervenci\u00f3n del imperialismo yanqui en Am\u00e9rica Latina"},"content":{"rendered":"\n<p class=\"has-vivid-red-color has-text-color has-link-color wp-elements-35f775b02e3d9a1fa0233b988f15a0ed\"><em>A continuaci\u00f3n, compartimos un art\u00edculo del sitio web <a href=\"https:\/\/heraldorojo.org\/2026\/03\/12\/crece-la-intervencion-del-imperialismo-yanqui-en-america-latina\/\">El Heraldo Rojo<\/a><\/em> &#8211; HR<\/p>\n\n\n\n<figure class=\"wp-block-image aligncenter size-full\"><img loading=\"lazy\" decoding=\"async\" width=\"660\" height=\"441\" src=\"https:\/\/nuevademocracia.com.co\/wp-content\/uploads\/2026\/03\/image-6.png\" alt=\"\" class=\"wp-image-28875\" srcset=\"https:\/\/nuevademocracia.com.co\/wp-content\/uploads\/2026\/03\/image-6.png 660w, https:\/\/nuevademocracia.com.co\/wp-content\/uploads\/2026\/03\/image-6-300x200.png 300w\" sizes=\"auto, (max-width: 660px) 100vw, 660px\" \/><figcaption class=\"wp-element-caption\"><em>Foto: Donald Trump se re\u00fane con lacayos de diversos pa\u00edses de Am\u00e9rica Latina. Fuente: AFP.<\/em><br><\/figcaption><\/figure>\n\n\n\n<p class=\"has-black-color has-text-color has-link-color wp-elements-c96d3279faf0ed10a97ed15f4b6e6b28\">El presidente de Estados Unidos, Donald Trump, se reuni\u00f3 el 7 de marzo con representares de 17 pa\u00edses de Am\u00e9rica Latina, en el llamado \u201cEscudo de las Am\u00e9ricas\u201d, y acord\u00f3 \u201ccombatir a los c\u00e1rteles y las organizaciones consideradas terroristas en el Hemisferio occidental\u201d. La reuni\u00f3n se realiz\u00f3 en Doral, Florida, y este \u201ccombate\u201d fue usado como justificaci\u00f3n para \u201cuna movilizaci\u00f3n de los recursos militares y de inteligencia yanquis en el continente latinoamericano\u201d,&nbsp;<a href=\"https:\/\/anovademocracia.com.br\/eua-prepara-intervencao-na-america-latina\/\">informa<\/a>&nbsp;A Nova Democracia (AND).<\/p>\n\n\n\n<p class=\"has-black-color has-text-color has-link-color wp-elements-48f829ac660dc9c84cd9e2494ccbe4ad\">La reuni\u00f3n junt\u00f3 representantes de \u201cgobiernos lacayos latinoamericanos, serviciales de la pol\u00edtica externa yanqui\u201d. Entre los asistentes se encontraban los presidentes de Argentina, Chile, El Salvador, Ecuador, Paraguay, Rep\u00fablica Dominicana, Costa Rica y Guyana. Tambi\u00e9n hubo representantes de otros pa\u00edses como de Trinidad y Tobago. Brasil, M\u00e9xico y Colombia no enviaron representantes al encuentro. AND destaca que las propuestas yanquis son similares \u201ca las alianzas usadas por los Estados Unidos en operaciones internacionales, como fue el caso de la intervenci\u00f3n en Hait\u00ed\u201d.<\/p>\n\n\n\n<p class=\"has-black-color has-text-color has-link-color wp-elements-628414c741c7ae64bf4118eafe6f9d5f\">La cumbre fue interpretada como parte de una estrategia m\u00e1s amplia del imperialismo yanqui de mantener su influencia en el hemisferio occidental, de acuerdo con AND, contra el \u201cavance econ\u00f3mico y tecnol\u00f3gico de China en Am\u00e9rica Latina\u201d. El mismo Trump declar\u00f3 durante el encuentro que el imperialismo yanqui \u201cno permitir\u00e1 que potencias extranjeras hostiles ampl\u00eden su presencia estrat\u00e9gica en el continente\u201d.<\/p>\n\n\n\n<p class=\"has-black-color has-text-color has-link-color wp-elements-c2fccec9cad5422b122fa79abb3e1239\">En los \u00faltimos meses el imperialismo yanqui ha ampliado sus iniciativas de \u201ccooperaci\u00f3n militar\u201d con gobiernos lacayos de Am\u00e9rica Latina usando como justificaci\u00f3n la guerra contra el tr\u00e1fico de drogas. La reciente llegada de tropas estadounidenses a Paraguay es un ejemplo de ello. Hemos informado recientemente sobre este asunto:<\/p>\n\n\n\n<p class=\"has-black-color has-text-color has-link-color wp-elements-ffa4d05945e86fbaeb145b177e9cf31c\">El imperialismo yanqui ha llevado diversas operaciones militares en el continente. Una de ellas tuvo lugar a inicios de marzo de este a\u00f1o, realizada junto con el gobierno ecuatoriano. El Comando Sur de Estados Unidos describi\u00f3 estas operaciones como \u201cletales\u201d. Como informa AND, una de las intervenciones m\u00e1s criminales del imperialismo yanqui en Am\u00e9rica Latina ocurri\u00f3 recientemente, en enero, cuando el gobierno estadounidense atac\u00f3 Venezuela y secuestr\u00f3 al presidente Nicol\u00e1s Maduro.<\/p>\n\n\n\n<p class=\"has-black-color has-text-color has-link-color wp-elements-637267e69cce0160c79e60b58a157b4e\">Brasil ahora est\u00e1 en el punto de mira del imperialismo yanqui, ya que en mayo de 2025 pidi\u00f3 al gobierno brasile\u00f1o que clasificara como \u201cgrupos terroristas al \u201cPrimeiro Comando da Capital (PCC) y al \u201cComando Vermelho\u201d. La propuesta fue rechazada por el gobierno brasile\u00f1o, pero algunos Partidos pol\u00edticos e individuos defendieron tal propuesta, como por ejemplo el candidato ultrarreactionario Fl\u00e1vio Bolsonaro. Esta exigencia del imperialismo yanqui, si se aceptase, permitir\u00eda a los Estados Unidos aplicar sanciones econ\u00f3micas, operaciones de inteligencia e intervenciones militares, justificadas por el \u201ccombate contra el terrorismo\u201d. AND explica que \u201cEsta iniciativa ocurre en medio de una escalada de disputas pol\u00edticas y militares en el continente, transformando el combate al narcotr\u00e1fico en uno de los principales ejes de la pol\u00edtica externa del imperialismo yanqui para Am\u00e9rica Latina\u201d.<\/p>\n\n\n\n<p><\/p>\n","protected":false},"excerpt":{"rendered":"<p>La cumbre fue interpretada como parte de una estrategia m\u00e1s amplia del imperialismo yanqui de mantener su influencia en el hemisferio occidental, de acuerdo con AND, contra el \u201cavance econ\u00f3mico y tecnol\u00f3gico de China en Am\u00e9rica Latina\u201d.<\/p>\n","protected":false},"author":1,"featured_media":28875,"comment_status":"open","ping_status":"open","sticky":false,"template":"","format":"standard","meta":{"footnotes":""},"categories":[31],"tags":[32,39,41],"class_list":["post-28873","post","type-post","status-publish","format-standard","has-post-thumbnail","hentry","category-internacional","tag-imperialismo","tag-internacionalismo","tag-represion-estatal"],"blocksy_meta":[],"_links":{"self":[{"href":"https:\/\/nuevademocracia.com.co\/index.php?rest_route=\/wp\/v2\/posts\/28873","targetHints":{"allow":["GET"]}}],"collection":[{"href":"https:\/\/nuevademocracia.com.co\/index.php?rest_route=\/wp\/v2\/posts"}],"about":[{"href":"https:\/\/nuevademocracia.com.co\/index.php?rest_route=\/wp\/v2\/types\/post"}],"author":[{"embeddable":true,"href":"https:\/\/nuevademocracia.com.co\/index.php?rest_route=\/wp\/v2\/users\/1"}],"replies":[{"embeddable":true,"href":"https:\/\/nuevademocracia.com.co\/index.php?rest_route=%2Fwp%2Fv2%2Fcomments&post=28873"}],"version-history":[{"count":6,"href":"https:\/\/nuevademocracia.com.co\/index.php?rest_route=\/wp\/v2\/posts\/28873\/revisions"}],"predecessor-version":[{"id":29005,"href":"https:\/\/nuevademocracia.com.co\/index.php?rest_route=\/wp\/v2\/posts\/28873\/revisions\/29005"}],"wp:featuredmedia":[{"embeddable":true,"href":"https:\/\/nuevademocracia.com.co\/index.php?rest_route=\/wp\/v2\/media\/28875"}],"wp:attachment":[{"href":"https:\/\/nuevademocracia.com.co\/index.php?rest_route=%2Fwp%2Fv2%2Fmedia&parent=28873"}],"wp:term":[{"taxonomy":"category","embeddable":true,"href":"https:\/\/nuevademocracia.com.co\/index.php?rest_route=%2Fwp%2Fv2%2Fcategories&post=28873"},{"taxonomy":"post_tag","embeddable":true,"href":"https:\/\/nuevademocracia.com.co\/index.php?rest_route=%2Fwp%2Fv2%2Ftags&post=28873"}],"curies":[{"name":"wp","href":"https:\/\/api.w.org\/{rel}","templated":true}]}}