{"id":28877,"date":"2026-03-17T15:57:13","date_gmt":"2026-03-17T20:57:13","guid":{"rendered":"https:\/\/nuevademocracia.com.co\/?p=28877"},"modified":"2026-03-27T23:37:16","modified_gmt":"2026-03-28T04:37:16","slug":"paro-minero-en-el-bajo-cauca-protesta-social-y-respuesta-militarizada-del-estado","status":"publish","type":"post","link":"https:\/\/nuevademocracia.com.co\/?p=28877","title":{"rendered":"Paro minero en el Bajo Cauca: protesta social y respuesta militarizada del Estado"},"content":{"rendered":"\n<hr class=\"wp-block-separator has-text-color has-palette-color-2-color has-alpha-channel-opacity has-palette-color-2-background-color has-background\"\/>\n\n\n\n<figure class=\"wp-block-image size-large\"><img loading=\"lazy\" decoding=\"async\" width=\"1024\" height=\"768\" src=\"https:\/\/nuevademocracia.com.co\/wp-content\/uploads\/2026\/03\/medelllin-oscura-1024x768.jpg\" alt=\"\" class=\"wp-image-28878\" srcset=\"https:\/\/nuevademocracia.com.co\/wp-content\/uploads\/2026\/03\/medelllin-oscura-1024x768.jpg 1024w, https:\/\/nuevademocracia.com.co\/wp-content\/uploads\/2026\/03\/medelllin-oscura-300x225.jpg 300w, https:\/\/nuevademocracia.com.co\/wp-content\/uploads\/2026\/03\/medelllin-oscura-768x576.jpg 768w, https:\/\/nuevademocracia.com.co\/wp-content\/uploads\/2026\/03\/medelllin-oscura.jpg 1440w\" sizes=\"auto, (max-width: 1024px) 100vw, 1024px\" \/><figcaption class=\"wp-element-caption\">Foto:Medellin Oscura<\/figcaption><\/figure>\n\n\n\n<p class=\"has-black-color has-text-color has-link-color wp-elements-3d00992a50429a5bd261c45a87e40416\">El inicio del paro minero en el Bajo Cauca antioque\u00f1o y el sur de C\u00f3rdoba este 16 de marzo de 2026 vuelve a poner sobre la mesa la profunda crisis que atraviesa la miner\u00eda tradicional en Colombia. Convocada por la Mesa Minera del Bajo Cauca, Valdivia y sur de C\u00f3rdoba, la movilizaci\u00f3n surge como respuesta a la falta de soluciones efectivas del Gobierno nacional frente a la situaci\u00f3n de miles de peque\u00f1os mineros e informales en la regi\u00f3n.<\/p>\n\n\n\n<p class=\"has-black-color has-text-color has-link-color wp-elements-515eeb51513b5520936b872dacef482d\">De acuerdo con el comunicado difundido por la organizaci\u00f3n, la jornada se desarrolla como una acci\u00f3n colectiva de las comunidades mineras para exigir soluciones reales ante la grave problem\u00e1tica del sector, en un contexto marcado por el incumplimiento de acuerdos suscritos en 2023 y 2024 y la falta de avances significativos en los procesos de formalizaci\u00f3n.<\/p>\n\n\n\n<p class=\"has-black-color has-text-color has-link-color wp-elements-392783ecfd0d8dcdde22583b8e433a96\">Los puntos principales de concentraci\u00f3n se han ubicado en sectores estrat\u00e9gicos como La Apartada y Puerto Libertador (C\u00f3rdoba), as\u00ed como en Campoalegre (Antioquia), generando bloqueos intermitentes en la v\u00eda que conecta con la Costa Caribe. Estas acciones, que re\u00fanen a cientos de manifestantes, buscan visibilizar lo que consideran una situaci\u00f3n cr\u00edtica para la miner\u00eda tradicional, hist\u00f3ricamente uno de los pilares econ\u00f3micos del Bajo Cauca.<\/p>\n\n\n\n<p class=\"has-black-color has-text-color has-link-color wp-elements-2666ae4b99a6451856aa1e6114633322\">Cristian Hincapi\u00e9, l\u00edder de la Mesa Minera, ha se\u00f1alado que la decisi\u00f3n del paro responde a la ausencia de un di\u00e1logo efectivo con el Gobierno nacional. Seg\u00fan el dirigente, el levantamiento de la movilizaci\u00f3n depender\u00e1 de la voluntad pol\u00edtica de abrir espacios de negociaci\u00f3n que permitan resolver los problemas estructurales del sector, especialmente en materia de formalizaci\u00f3n y diferenciaci\u00f3n frente a la miner\u00eda criminal.<\/p>\n\n\n\n<p class=\"has-black-color has-text-color has-link-color wp-elements-a97db28500c7503e10c71d3e2d073b7a\">Uno de los principales puntos de ruptura ha sido la intensificaci\u00f3n de operativos de la Fuerza P\u00fablica en la regi\u00f3n. Seg\u00fan los l\u00edderes mineros, m\u00e1s de 30 intervenciones recientes han derivado en la destrucci\u00f3n de maquinaria \u2014incluidas retroexcavadoras y motobombas\u2014 que, afirman, se encontraban en proceso de legalizaci\u00f3n. Esta situaci\u00f3n ha sido interpretada por las comunidades como una acci\u00f3n indiscriminada que desconoce las particularidades de la miner\u00eda mediana, peque\u00f1a y de subsistencia.<\/p>\n\n\n\n<p class=\"has-black-color has-text-color has-link-color wp-elements-5d9630b410c9c6001733220fc21e8194\">La Mesa Minera ha insistido en que el paro se desarrolla en el marco de la organizaci\u00f3n comunitaria y ha anunciado la habilitaci\u00f3n de un corredor humanitario. Este mecanismo permitir\u00e1 el paso de ambulancias, misiones m\u00e9dicas, transporte de medicamentos, organismos de socorro, combustibles y otros casos prioritarios, con el fin de no afectar situaciones de emergencia ni necesidades b\u00e1sicas de la poblaci\u00f3n.<\/p>\n\n\n\n<p class=\"has-black-color has-text-color has-link-color wp-elements-b676e00da38de856fa0d75400511ddeb\">Sin embargo, la reacci\u00f3n de las autoridades ha estado marcada por la adopci\u00f3n de medidas de seguridad excepcionales. La alcald\u00eda de Caucasia decret\u00f3 toque de queda nocturno, ley seca y restricciones a la circulaci\u00f3n de motocicletas con parrillero, adem\u00e1s de activar un Puesto de Mando Unificado para monitorear la situaci\u00f3n. Estas disposiciones refuerzan un enfoque de control y trato militar a la protesta social.<\/p>\n\n\n\n<p class=\"has-black-color has-text-color has-link-color wp-elements-691df74e2bcba3857dd065c85cbf917f\">En regiones donde el empleo formal es escaso y la presencia institucional ha sido hist\u00f3ricamente limitada, la miner\u00eda artesanal e informal se ha consolidado como una actividad central para la vida comunitaria. La respuesta del Estado ha estado basada en operativos y medidas restrictivas, as\u00ed como en la criminalizaci\u00f3n generalizada de la miner\u00eda informal, trat\u00e1ndola igual que la miner\u00eda criminal sin generar condiciones reales para su formalizaci\u00f3n. Para muchos mineros, el paro representa una forma leg\u00edtima de exigir reconocimiento, regulaci\u00f3n justa y oportunidades efectivas de formalizaci\u00f3n.<\/p>\n\n\n\n<figure class=\"wp-block-embed is-type-video is-provider-youtube wp-block-embed-youtube wp-embed-aspect-9-16 wp-has-aspect-ratio\"><div class=\"wp-block-embed__wrapper\">\n<iframe loading=\"lazy\" title=\"Movilizaci\u00f3n Minera Marzo 2026 - Mesa Minera Bajo Cauca, Valdivia y Sur de C\u00f3rdoba\" width=\"563\" height=\"1000\" src=\"https:\/\/www.youtube.com\/embed\/JPMPDDXlK3s?feature=oembed\" frameborder=\"0\" allow=\"accelerometer; autoplay; clipboard-write; encrypted-media; gyroscope; picture-in-picture; web-share\" referrerpolicy=\"strict-origin-when-cross-origin\" allowfullscreen><\/iframe>\n<\/div><\/figure>\n","protected":false},"excerpt":{"rendered":"<p>Estas acciones, que re\u00fanen a cientos de manifestantes, buscan visibilizar lo que consideran una situaci\u00f3n cr\u00edtica para la miner\u00eda tradicional, hist\u00f3ricamente uno de los pilares econ\u00f3micos del Bajo Cauca.<\/p>\n","protected":false},"author":1,"featured_media":28878,"comment_status":"open","ping_status":"open","sticky":false,"template":"","format":"standard","meta":{"footnotes":""},"categories":[4],"tags":[113,44,114,41],"class_list":["post-28877","post","type-post","status-publish","format-standard","has-post-thumbnail","hentry","category-colombia","tag-bajo-cauca","tag-criminalizacion-a-la-protesta","tag-mineria","tag-represion-estatal"],"blocksy_meta":[],"_links":{"self":[{"href":"https:\/\/nuevademocracia.com.co\/index.php?rest_route=\/wp\/v2\/posts\/28877","targetHints":{"allow":["GET"]}}],"collection":[{"href":"https:\/\/nuevademocracia.com.co\/index.php?rest_route=\/wp\/v2\/posts"}],"about":[{"href":"https:\/\/nuevademocracia.com.co\/index.php?rest_route=\/wp\/v2\/types\/post"}],"author":[{"embeddable":true,"href":"https:\/\/nuevademocracia.com.co\/index.php?rest_route=\/wp\/v2\/users\/1"}],"replies":[{"embeddable":true,"href":"https:\/\/nuevademocracia.com.co\/index.php?rest_route=%2Fwp%2Fv2%2Fcomments&post=28877"}],"version-history":[{"count":6,"href":"https:\/\/nuevademocracia.com.co\/index.php?rest_route=\/wp\/v2\/posts\/28877\/revisions"}],"predecessor-version":[{"id":29020,"href":"https:\/\/nuevademocracia.com.co\/index.php?rest_route=\/wp\/v2\/posts\/28877\/revisions\/29020"}],"wp:featuredmedia":[{"embeddable":true,"href":"https:\/\/nuevademocracia.com.co\/index.php?rest_route=\/wp\/v2\/media\/28878"}],"wp:attachment":[{"href":"https:\/\/nuevademocracia.com.co\/index.php?rest_route=%2Fwp%2Fv2%2Fmedia&parent=28877"}],"wp:term":[{"taxonomy":"category","embeddable":true,"href":"https:\/\/nuevademocracia.com.co\/index.php?rest_route=%2Fwp%2Fv2%2Fcategories&post=28877"},{"taxonomy":"post_tag","embeddable":true,"href":"https:\/\/nuevademocracia.com.co\/index.php?rest_route=%2Fwp%2Fv2%2Ftags&post=28877"}],"curies":[{"name":"wp","href":"https:\/\/api.w.org\/{rel}","templated":true}]}}