{"id":28901,"date":"2026-03-17T19:57:19","date_gmt":"2026-03-18T00:57:19","guid":{"rendered":"https:\/\/nuevademocracia.com.co\/?p=28901"},"modified":"2026-03-27T23:37:46","modified_gmt":"2026-03-28T04:37:46","slug":"el-eln-desbarata-el-plan-paz-total-y-expone-la-fragilidad-del-viejo-estado-colombiano-en-las-ciudades-como-en-el-campo","status":"publish","type":"post","link":"https:\/\/nuevademocracia.com.co\/?p=28901","title":{"rendered":"AND &#8211; El ELN desbarata el Plan \u201cPaz Total\u201d y expone la fragilidad del viejo Estado colombiano en las ciudades como en el campo"},"content":{"rendered":"\n<p class=\"has-vivid-red-color has-text-color has-link-color wp-elements-f32804b8f97e3f2f074a0caab6ee5250\"><em>A continuaci\u00f3n, compartimos una traducci\u00f3n no oficial del siguiente <a href=\"https:\/\/anovademocracia.com.br\/eln-humilha-o-plano-paz-total-e-expoe-a-fragilidade-do-velho-estado-colombiano-nas-cidades-e-no-campo\/\">art\u00edculo<\/a> del peri\u00f3dico A Nova Democracia (Brasil).<\/em><\/p>\n\n\n\n<hr class=\"wp-block-separator has-text-color has-palette-color-2-color has-alpha-channel-opacity has-palette-color-2-background-color has-background\"\/>\n\n\n\n<p>Por Redacci\u00f3n A Nova Democracia (AND)<\/p>\n\n\n\n<figure class=\"wp-block-image aligncenter size-full\"><img loading=\"lazy\" decoding=\"async\" width=\"1024\" height=\"684\" src=\"https:\/\/nuevademocracia.com.co\/wp-content\/uploads\/2026\/03\/imagen.png\" alt=\"\" class=\"wp-image-28903\" srcset=\"https:\/\/nuevademocracia.com.co\/wp-content\/uploads\/2026\/03\/imagen.png 1024w, https:\/\/nuevademocracia.com.co\/wp-content\/uploads\/2026\/03\/imagen-300x200.png 300w, https:\/\/nuevademocracia.com.co\/wp-content\/uploads\/2026\/03\/imagen-768x513.png 768w\" sizes=\"auto, (max-width: 1024px) 100vw, 1024px\" \/><figcaption class=\"wp-element-caption\"><br>Combatientes del ELN. Foto: Luiz Robayo\/AFP\/Reproducci\u00f3n.<\/figcaption><\/figure>\n\n\n\n<p class=\"has-black-color has-text-color has-link-color wp-elements-751da6619b3e80f12ad07d4a3dbef1a9\">La farsa de la \u00abpaz total\u00bb montada por la gesti\u00f3n oportunista de Gustavo Petro ha sufrido nuevos y contundentes golpes en las \u00faltimas semanas. Mientras el gobierno intenta enmascarar su sumisi\u00f3n al imperialismo yanqui, bajo el pretexto de la \u00ablucha contra el narcotr\u00e1fico\u00bb, el Ej\u00e9rcito de Liberaci\u00f3n Nacional (ELN) ha demostrado que su fuerza no se limita a las selvas, sino que penetra en las entra\u00f1as de las metr\u00f3polis y desaf\u00eda la tecnolog\u00eda de guerra de su enemigo.<\/p>\n\n\n\n<p class=\"has-black-color has-text-color has-link-color wp-elements-0dce5a4eb382261801fbe49778fc747f\">El hecho m\u00e1s reciente e impactante es el reconocimiento, por parte del propio gobierno y de concejales de la reacci\u00f3n en Bogot\u00e1, de la existencia de un Frente Nacional de Guerra Urbana (FEGUN). Esta estructura, lejos de ser un mito, opera en al menos 12 ciudades principales, incluida la capital, a trav\u00e9s de redes clandestinas y compartimentadas que las fuerzas de represi\u00f3n admiten ser incapaces de vigilar con eficacia, dado que su comando estrat\u00e9gico se sit\u00faa de forma inalcanzable en la frontera.<\/p>\n\n\n\n<p class=\"has-black-color has-text-color has-link-color wp-elements-0f986db92e1eb526245df1d9f38ed96d\">La versatilidad guerrillera qued\u00f3 reafirmada a finales de febrero, cuando audaces ataques con <em>drones <\/em>cargados de explosivos alcanzaron bases militares estrat\u00e9gicas. En la base de San Lucas, en Montecristo (Bol\u00edvar), el ELN coordin\u00f3 un ataque que dej\u00f3 14 militares heridos y oblig\u00f3 al despegue de emergencia de un helic\u00f3ptero de las fuerzas de represi\u00f3n, cuyo parabrisas qued\u00f3 destrozado por la onda de choque. D\u00edas antes, la base de San Jorge, en Saravena (Arauca), tambi\u00e9n fue blanco de esta tecnolog\u00eda de bajo costo y alto impacto, lo que demuestra que, a pesar de su superioridad militar, el viejo Estado no tiene respuesta para el ingenio de la guerrilla.<\/p>\n\n\n\n<p class=\"has-black-color has-text-color has-link-color wp-elements-aaacfe3005ecbca50e6a95afe6df840c\">El ELN, en un comunicado titulado \u201cUna respuesta necesaria\u201d, fue enf\u00e1tico al denunciar que el gobierno de Petro utiliza cualquier intento de di\u00e1logo \u00fanicamente como ventaja militar, ordenando atentados en Catatumbo menos de 24 horas despu\u00e9s de recibir a emisarios para conversaciones de paz. Esta duplicidad del gobierno oportunista, que se reuni\u00f3 con Donald Trump antes de intensificar las operaciones, es vista por la guerrilla como una traici\u00f3n a los principios de buena fe.<\/p>\n\n\n\n<h2 class=\"wp-block-heading has-palette-color-2-color has-text-color has-link-color has-medium-font-size wp-elements-6fbdb89162ec77a2b7b433b3dcce53dc\">La guerrilla avanza en respuesta a los ataques de la reacci\u00f3n<\/h2>\n\n\n\n<p class=\"has-black-color has-text-color has-link-color wp-elements-55094ab6e8af45037de271bbdb3dabda\">Recientemente, el monopolio de la prensa colombiano inform\u00f3 de que el ELN \u201cejecut\u00f32 a dos desertores en Santander y Bogot\u00e1. Joaqu\u00edn Vergara Mojica, que hab\u00eda desertado de la lucha en 1994 para convertirse en colaborador del servicio de inteligencia, fue localizado por la guerrilla incluso d\u00e9cadas despu\u00e9s. Estos acontecimientos provocaron un terremoto en la Fiscal\u00eda General de Colombia, lo que suscit\u00f3 sospechas de que el grupo cuenta con aliados infiltrados en el gobierno capaces de vigilar cada paso de las fuerzas de represi\u00f3n y sus colaboradores.<\/p>\n\n\n\n<p>La eficiencia de la inteligencia guerrillera es tal que el propio exfiscal general, Francisco Barbosa, y el general retirado Eduardo Zapateiro se convirtieron en objetivos de planes de \u201calto impacto2. Informes del Cuerpo T\u00e9cnico de Investigaci\u00f3n (CTI) sugieren que el ELN coordin\u00f3 reuniones para entrenar a francotiradores y realizar movimientos de armas, creando una cortina de humo que dej\u00f3 a los organismos de represi\u00f3n en estado de m\u00e1xima alerta. La paranoia entre los funcionarios del Gobierno es evidente, con investigadores del CTI y fiscales investig\u00e1ndose mutuamente, acusados de filtrar datos confidenciales a la guerrilla, lo que pone de manifiesto la crisis de descomposici\u00f3n del viejo Estado colombiano.<\/p>\n\n\n\n<p>Para intentar contener el avance de la guerrilla, las fuerzas de represi\u00f3n han movilizado la Operaci\u00f3n \u201cEspejo\u201d en los departamentos de Nari\u00f1o y Putumayo. Con m\u00e1s de 20 mil hombres y el apoyo expl\u00edcito del imperialismo yanqui y de la Administraci\u00f3n para el Control de Drogas (DEA, departamento federal yanqui para intervenir en los pa\u00edses semicoloniales), esta ofensiva se vende como lucha contra el narcotr\u00e1fico. Sin embargo, la guerrilla denuncia que esto no es m\u00e1s que una pieza m\u00e1s del tablero transnacional para garantizar el control yanqui sobre la frontera con Ecuador.<\/p>\n\n\n\n<p class=\"has-black-color has-text-color has-link-color wp-elements-bbd2a0333c6484eb2123a2b2761c31c5\">En Catatumbo y Arauca, la respuesta del ELN a la Operaci\u00f3n \u201cEspejo\u201d ha sido la destrucci\u00f3n controlada de carreteras y la instalaci\u00f3n de artefactos explosivos para impedir la movilidad de las tropas de la 18.\u00aa Brigada. La Octava Divisi\u00f3n del Ej\u00e9rcito admite que la guerrilla 2insiste en sembrar el terror en las principales v\u00edas\u201d, lo que en realidad supone la interrupci\u00f3n log\u00edstica de las l\u00edneas de suministro del viejo Estado.<\/p>\n","protected":false},"excerpt":{"rendered":"<p>La versatilidad guerrillera qued\u00f3 reafirmada a finales de febrero, cuando audaces ataques con drones cargados de explosivos alcanzaron bases militares estrat\u00e9gicas.<\/p>\n","protected":false},"author":1,"featured_media":28903,"comment_status":"open","ping_status":"open","sticky":false,"template":"","format":"standard","meta":{"footnotes":""},"categories":[4],"tags":[21,232,41],"class_list":["post-28901","post","type-post","status-publish","format-standard","has-post-thumbnail","hentry","category-colombia","tag-campesinos","tag-eln","tag-represion-estatal"],"blocksy_meta":[],"_links":{"self":[{"href":"https:\/\/nuevademocracia.com.co\/index.php?rest_route=\/wp\/v2\/posts\/28901","targetHints":{"allow":["GET"]}}],"collection":[{"href":"https:\/\/nuevademocracia.com.co\/index.php?rest_route=\/wp\/v2\/posts"}],"about":[{"href":"https:\/\/nuevademocracia.com.co\/index.php?rest_route=\/wp\/v2\/types\/post"}],"author":[{"embeddable":true,"href":"https:\/\/nuevademocracia.com.co\/index.php?rest_route=\/wp\/v2\/users\/1"}],"replies":[{"embeddable":true,"href":"https:\/\/nuevademocracia.com.co\/index.php?rest_route=%2Fwp%2Fv2%2Fcomments&post=28901"}],"version-history":[{"count":8,"href":"https:\/\/nuevademocracia.com.co\/index.php?rest_route=\/wp\/v2\/posts\/28901\/revisions"}],"predecessor-version":[{"id":29021,"href":"https:\/\/nuevademocracia.com.co\/index.php?rest_route=\/wp\/v2\/posts\/28901\/revisions\/29021"}],"wp:featuredmedia":[{"embeddable":true,"href":"https:\/\/nuevademocracia.com.co\/index.php?rest_route=\/wp\/v2\/media\/28903"}],"wp:attachment":[{"href":"https:\/\/nuevademocracia.com.co\/index.php?rest_route=%2Fwp%2Fv2%2Fmedia&parent=28901"}],"wp:term":[{"taxonomy":"category","embeddable":true,"href":"https:\/\/nuevademocracia.com.co\/index.php?rest_route=%2Fwp%2Fv2%2Fcategories&post=28901"},{"taxonomy":"post_tag","embeddable":true,"href":"https:\/\/nuevademocracia.com.co\/index.php?rest_route=%2Fwp%2Fv2%2Ftags&post=28901"}],"curies":[{"name":"wp","href":"https:\/\/api.w.org\/{rel}","templated":true}]}}