{"id":29449,"date":"2026-06-05T10:39:48","date_gmt":"2026-06-05T15:39:48","guid":{"rendered":"https:\/\/nuevademocracia.com.co\/?p=29449"},"modified":"2026-06-05T10:39:50","modified_gmt":"2026-06-05T15:39:50","slug":"campesinos-de-aguas-blancas-comparten-experiencia-de-lucha-con-estudiantes-de-la-udea","status":"publish","type":"post","link":"https:\/\/nuevademocracia.com.co\/?p=29449","title":{"rendered":"Campesinos de Aguas Blancas comparten experiencia de lucha con estudiantes de la UdeA"},"content":{"rendered":"\n<hr class=\"wp-block-separator has-text-color has-vivid-red-color has-alpha-channel-opacity has-vivid-red-background-color has-background\"\/>\n\n\n\n<p class=\"has-black-color has-text-color has-link-color wp-elements-1 wp-block-paragraph\">por Benjam\u00edn S\u00e1nchez<\/p>\n\n\n\n<figure class=\"wp-block-image aligncenter size-large\"><img loading=\"lazy\" decoding=\"async\" width=\"1024\" height=\"683\" src=\"https:\/\/nuevademocracia.com.co\/wp-content\/uploads\/2026\/06\/Evento-tierras-UdeA-1-1024x683.jpg\" alt=\"\" class=\"wp-image-29451\" srcset=\"https:\/\/nuevademocracia.com.co\/wp-content\/uploads\/2026\/06\/Evento-tierras-UdeA-1-1024x683.jpg 1024w, https:\/\/nuevademocracia.com.co\/wp-content\/uploads\/2026\/06\/Evento-tierras-UdeA-1-300x200.jpg 300w, https:\/\/nuevademocracia.com.co\/wp-content\/uploads\/2026\/06\/Evento-tierras-UdeA-1-768x512.jpg 768w, https:\/\/nuevademocracia.com.co\/wp-content\/uploads\/2026\/06\/Evento-tierras-UdeA-1-1536x1024.jpg 1536w, https:\/\/nuevademocracia.com.co\/wp-content\/uploads\/2026\/06\/Evento-tierras-UdeA-1.jpg 1620w\" sizes=\"auto, (max-width: 1024px) 100vw, 1024px\" \/><\/figure>\n\n\n\n<p class=\"wp-block-paragraph\"><\/p>\n\n\n\n<p class=\"has-black-color has-text-color has-link-color wp-elements-2 wp-block-paragraph\">El d\u00eda 4 de junio, se realiz\u00f3 en la Universidad de Antioquia, un evento de socializaci\u00f3n de la lucha por la tierra en Aguas Blancas, Cesar.<\/p>\n\n\n\n<p class=\"has-black-color has-text-color has-link-color wp-elements-3 wp-block-paragraph\">Ya hemos informado semanas atr\u00e1s, que en aquel corregimiento de Valledupar, se realiz\u00f3 la recuperaci\u00f3n del predio \u201cCaja de ahorros #1\u201d, predio que era propiedad del condenado paramilitar Hugues Rodr\u00edguez y que desde hace d\u00e9cadas se encuentra en el lento y parsimonioso proceso de extinci\u00f3n de dominio para la ineficiente reparaci\u00f3n a las v\u00edctimas.<\/p>\n\n\n\n<p class=\"has-black-color has-text-color has-link-color wp-elements-4 wp-block-paragraph\">El evento comenz\u00f3 con una breve introducci\u00f3n de contexto, donde se expusieron cifras del problema de la tierra en el departamento del Cesar. Los compa\u00f1eros expusieron que en aquel departamento hay mucha tierra concentrada en pocas manos. El 10% de los grandes propietarios acaparan m\u00e1s del 80% de las tierras y se tiene un \u00edndice Gini de 0,74. Tambi\u00e9n se mencion\u00f3 que la regi\u00f3n fue hist\u00f3ricamente azotada por la violencia latifundista y paramilitar contra el campesinado: masacres, desplazamientos y todo tipo de violaciones y ultrajes contra las masas campesinas.<\/p>\n\n\n\n<figure class=\"wp-block-image aligncenter size-large\"><img loading=\"lazy\" decoding=\"async\" width=\"1024\" height=\"683\" src=\"https:\/\/nuevademocracia.com.co\/wp-content\/uploads\/2026\/06\/Evento-tierras-UdeA-2-1024x683.jpg\" alt=\"\" class=\"wp-image-29452\" srcset=\"https:\/\/nuevademocracia.com.co\/wp-content\/uploads\/2026\/06\/Evento-tierras-UdeA-2-1024x683.jpg 1024w, https:\/\/nuevademocracia.com.co\/wp-content\/uploads\/2026\/06\/Evento-tierras-UdeA-2-300x200.jpg 300w, https:\/\/nuevademocracia.com.co\/wp-content\/uploads\/2026\/06\/Evento-tierras-UdeA-2-768x512.jpg 768w, https:\/\/nuevademocracia.com.co\/wp-content\/uploads\/2026\/06\/Evento-tierras-UdeA-2-1536x1024.jpg 1536w, https:\/\/nuevademocracia.com.co\/wp-content\/uploads\/2026\/06\/Evento-tierras-UdeA-2.jpg 1620w\" sizes=\"auto, (max-width: 1024px) 100vw, 1024px\" \/><\/figure>\n\n\n\n<p class=\"wp-block-paragraph\"><\/p>\n\n\n\n<p class=\"has-black-color has-text-color has-link-color wp-elements-5 wp-block-paragraph\">En el espacio estuvieron presentes tres campesinos: una mujer, un j\u00f3ven y un mayor. Todos tres relataron un poco de sus historias de vida, testimonios de los cuales sobresale que los tres fueron v\u00edctimas de desplazamiento forzado en d\u00e9cadas pasadas, perdiendo la tierra y el sustento de sus familias.<\/p>\n\n\n\n<p class=\"has-black-color has-text-color has-link-color wp-elements-6 wp-block-paragraph\">Por ejemplo, el joven campesino expuso que siendo ni\u00f1o fue desplazado con su familia por grupos paramilitares. \u201cAhora hago parte de la guardia campesina de Aguas Blancas. La guardia campesina es para proteger y defender a los campesinos. Nuestras herramientas son hondas, bastones, machetes. [&#8230;] \u00bfPor qu\u00e9 es necesaria una guardia? Si nosotros no tenemos guardia, al momento de tomar un predio, si no nos ven organizados y preparados, entonces la polic\u00eda y los terratenientes nos sacan de inmediato.\u201d<\/p>\n\n\n\n<p class=\"has-black-color has-text-color has-link-color wp-elements-7 wp-block-paragraph\">La mujer campesina, expuso muy sentidamente, sobre la importancia de las mujeres y la lucha de la mujer campesina. \u201cEste sentimiento no es de tristeza, es de alegr\u00eda. Mis padres fueron campesinos. La lucha de la mujer campesina es muy fuerte, somos las primeras en levantarnos y las \u00faltimas en acostarnos. Eso quiere decir que trabajamos el doble, cocinar, cuidar ni\u00f1os, tengo dos hijos, cuidar al hombre, eso nos da fuerza.\u201d [&#8230;] Uno tiene que cocinar para 100 personas, el machismo sale a relucir ah\u00ed, te dicen que esa es tu labor, pero nosotras tambi\u00e9n hacemos guardia, usamos el machete, somos fuertes, valientes, como mujeres no nos queda nada dif\u00edcil, nada imposible, como mujer campesina todo lo podemos hacer.\u201d<\/p>\n\n\n\n<p class=\"has-black-color has-text-color has-link-color wp-elements-8 wp-block-paragraph\">El mayor campesino, hizo una invitaci\u00f3n a los j\u00f3venes asistente para apoyar la lucha campesina y particularmente la lucha en Aguas Blancas. Cont\u00f3 que hace 2 d\u00edas se hizo la repartici\u00f3n de los lotes, y ya cada familia campesina tiene su pedazo de tierra. Sin embargo, afirm\u00f3 que \u201cla lucha no ha terminado. Yo les digo a todos los que est\u00e1n aqu\u00ed, se pongan la mano en el coraz\u00f3n, estamos contentos, agradecidos, pero reitero, ay\u00fadenos. [&#8230;] Porque \u00bfDe qu\u00e9 nos sirve que nos den un pedazo de tierra, si no se siembra? \u00bfQu\u00e9 vamos a comer, tierra?\u201d. El compa\u00f1ero plante\u00f3 que, de aqu\u00ed en adelante sigue la lucha por poner a producir las tierras recuperadas y establecer all\u00ed una producci\u00f3n que permita el sustento de las familias. Porque realmente, a diferencia de los latifundistas, que tienen tierras para acaparar, los campesinos quieren es sembrar. \u201cLa tierra es para quien la trabaje, si no tenemos donde sembrar una mata, tenemos que irnos a la ciudad a sufrir y pasar necesidad\u201d, afirm\u00f3 el compa\u00f1ero campesino.<\/p>\n\n\n\n<p class=\"has-black-color has-text-color has-link-color wp-elements-9 wp-block-paragraph\">En el evento los compa\u00f1eros campesinos vendieron galletas y suero coste\u00f1o para financiar su viaje. Tambi\u00e9n hubo un gran ambiente de solidaridad por parte del p\u00fablico, que emocionado cantaba consignas y aplaud\u00eda la experiencia campesina.<\/p>\n\n\n\n<figure class=\"wp-block-gallery has-nested-images columns-default is-cropped wp-block-gallery-1 is-layout-flex wp-block-gallery-is-layout-flex\">\n<figure class=\"wp-block-image size-large\"><img loading=\"lazy\" decoding=\"async\" width=\"1024\" height=\"683\" data-id=\"29455\" src=\"https:\/\/nuevademocracia.com.co\/wp-content\/uploads\/2026\/06\/Evento-tierras-UdeA-3-1024x683.jpg\" alt=\"\" class=\"wp-image-29455\" srcset=\"https:\/\/nuevademocracia.com.co\/wp-content\/uploads\/2026\/06\/Evento-tierras-UdeA-3-1024x683.jpg 1024w, https:\/\/nuevademocracia.com.co\/wp-content\/uploads\/2026\/06\/Evento-tierras-UdeA-3-300x200.jpg 300w, https:\/\/nuevademocracia.com.co\/wp-content\/uploads\/2026\/06\/Evento-tierras-UdeA-3-768x512.jpg 768w, https:\/\/nuevademocracia.com.co\/wp-content\/uploads\/2026\/06\/Evento-tierras-UdeA-3-1536x1024.jpg 1536w, https:\/\/nuevademocracia.com.co\/wp-content\/uploads\/2026\/06\/Evento-tierras-UdeA-3.jpg 1620w\" sizes=\"auto, (max-width: 1024px) 100vw, 1024px\" \/><\/figure>\n\n\n\n<figure class=\"wp-block-image size-large\"><img loading=\"lazy\" decoding=\"async\" width=\"1024\" height=\"683\" data-id=\"29453\" src=\"https:\/\/nuevademocracia.com.co\/wp-content\/uploads\/2026\/06\/Evento-tierras-UdeA-4-1024x683.jpg\" alt=\"\" class=\"wp-image-29453\" srcset=\"https:\/\/nuevademocracia.com.co\/wp-content\/uploads\/2026\/06\/Evento-tierras-UdeA-4-1024x683.jpg 1024w, https:\/\/nuevademocracia.com.co\/wp-content\/uploads\/2026\/06\/Evento-tierras-UdeA-4-300x200.jpg 300w, https:\/\/nuevademocracia.com.co\/wp-content\/uploads\/2026\/06\/Evento-tierras-UdeA-4-768x512.jpg 768w, https:\/\/nuevademocracia.com.co\/wp-content\/uploads\/2026\/06\/Evento-tierras-UdeA-4-1536x1024.jpg 1536w, https:\/\/nuevademocracia.com.co\/wp-content\/uploads\/2026\/06\/Evento-tierras-UdeA-4.jpg 1620w\" sizes=\"auto, (max-width: 1024px) 100vw, 1024px\" \/><\/figure>\n\n\n\n<figure class=\"wp-block-image size-large\"><img loading=\"lazy\" decoding=\"async\" width=\"1024\" height=\"683\" data-id=\"29454\" src=\"https:\/\/nuevademocracia.com.co\/wp-content\/uploads\/2026\/06\/Evento-tierras-UdeA-5-1024x683.jpg\" alt=\"\" class=\"wp-image-29454\" srcset=\"https:\/\/nuevademocracia.com.co\/wp-content\/uploads\/2026\/06\/Evento-tierras-UdeA-5-1024x683.jpg 1024w, https:\/\/nuevademocracia.com.co\/wp-content\/uploads\/2026\/06\/Evento-tierras-UdeA-5-300x200.jpg 300w, https:\/\/nuevademocracia.com.co\/wp-content\/uploads\/2026\/06\/Evento-tierras-UdeA-5-768x512.jpg 768w, https:\/\/nuevademocracia.com.co\/wp-content\/uploads\/2026\/06\/Evento-tierras-UdeA-5-1536x1024.jpg 1536w, https:\/\/nuevademocracia.com.co\/wp-content\/uploads\/2026\/06\/Evento-tierras-UdeA-5.jpg 1620w\" sizes=\"auto, (max-width: 1024px) 100vw, 1024px\" \/><\/figure>\n\n\n\n<figure class=\"wp-block-image size-large\"><img loading=\"lazy\" decoding=\"async\" width=\"1024\" height=\"683\" data-id=\"29456\" src=\"https:\/\/nuevademocracia.com.co\/wp-content\/uploads\/2026\/06\/Evento-tierras-UdeA-6-1024x683.jpg\" alt=\"\" class=\"wp-image-29456\" srcset=\"https:\/\/nuevademocracia.com.co\/wp-content\/uploads\/2026\/06\/Evento-tierras-UdeA-6-1024x683.jpg 1024w, https:\/\/nuevademocracia.com.co\/wp-content\/uploads\/2026\/06\/Evento-tierras-UdeA-6-300x200.jpg 300w, https:\/\/nuevademocracia.com.co\/wp-content\/uploads\/2026\/06\/Evento-tierras-UdeA-6-768x512.jpg 768w, https:\/\/nuevademocracia.com.co\/wp-content\/uploads\/2026\/06\/Evento-tierras-UdeA-6-1536x1024.jpg 1536w, https:\/\/nuevademocracia.com.co\/wp-content\/uploads\/2026\/06\/Evento-tierras-UdeA-6.jpg 1620w\" sizes=\"auto, (max-width: 1024px) 100vw, 1024px\" \/><\/figure>\n<\/figure>\n\n\n\n<p class=\"wp-block-paragraph\"><\/p>\n","protected":false},"excerpt":{"rendered":"<p>En el espacio estuvieron presentes tres campesinos: una mujer, un j\u00f3ven y un mayor. Todos tres relataron un poco de sus historias de vida, testimonios de los cuales sobresale que los tres fueron v\u00edctimas de desplazamiento forzado en d\u00e9cadas pasadas, perdiendo la tierra y el sustento de sus familias.<\/p>\n","protected":false},"author":1,"featured_media":29455,"comment_status":"open","ping_status":"open","sticky":false,"template":"","format":"standard","meta":{"footnotes":""},"categories":[4,266,144],"tags":[267,21,118,262],"class_list":["post-29449","post","type-post","status-publish","format-standard","has-post-thumbnail","hentry","category-colombia","category-destacados","category-lucha-por-la-tierra","tag-aguas-blancas","tag-campesinos","tag-latifundio","tag-recuperacion"],"blocksy_meta":{"styles_descriptor":{"styles":{"desktop":"","tablet":"","mobile":""},"google_fonts":[],"version":7}},"_links":{"self":[{"href":"https:\/\/nuevademocracia.com.co\/index.php?rest_route=\/wp\/v2\/posts\/29449","targetHints":{"allow":["GET"]}}],"collection":[{"href":"https:\/\/nuevademocracia.com.co\/index.php?rest_route=\/wp\/v2\/posts"}],"about":[{"href":"https:\/\/nuevademocracia.com.co\/index.php?rest_route=\/wp\/v2\/types\/post"}],"author":[{"embeddable":true,"href":"https:\/\/nuevademocracia.com.co\/index.php?rest_route=\/wp\/v2\/users\/1"}],"replies":[{"embeddable":true,"href":"https:\/\/nuevademocracia.com.co\/index.php?rest_route=%2Fwp%2Fv2%2Fcomments&post=29449"}],"version-history":[{"count":3,"href":"https:\/\/nuevademocracia.com.co\/index.php?rest_route=\/wp\/v2\/posts\/29449\/revisions"}],"predecessor-version":[{"id":29458,"href":"https:\/\/nuevademocracia.com.co\/index.php?rest_route=\/wp\/v2\/posts\/29449\/revisions\/29458"}],"wp:featuredmedia":[{"embeddable":true,"href":"https:\/\/nuevademocracia.com.co\/index.php?rest_route=\/wp\/v2\/media\/29455"}],"wp:attachment":[{"href":"https:\/\/nuevademocracia.com.co\/index.php?rest_route=%2Fwp%2Fv2%2Fmedia&parent=29449"}],"wp:term":[{"taxonomy":"category","embeddable":true,"href":"https:\/\/nuevademocracia.com.co\/index.php?rest_route=%2Fwp%2Fv2%2Fcategories&post=29449"},{"taxonomy":"post_tag","embeddable":true,"href":"https:\/\/nuevademocracia.com.co\/index.php?rest_route=%2Fwp%2Fv2%2Ftags&post=29449"}],"curies":[{"name":"wp","href":"https:\/\/api.w.org\/{rel}","templated":true}]}}